{"id":38958,"date":"2021-06-24T00:44:19","date_gmt":"2021-06-24T04:44:19","guid":{"rendered":"https:\/\/inces.gob.ve\/?p=38958"},"modified":"2021-06-24T08:48:08","modified_gmt":"2021-06-24T12:48:08","slug":"barinas-estudiantes-de-la-unidad-educativa-realizaron-escenificacion-de-la-batalla-de-carabobo","status":"publish","type":"post","link":"https:\/\/inces.gob.ve\/index.php\/2021\/06\/24\/barinas-estudiantes-de-la-unidad-educativa-realizaron-escenificacion-de-la-batalla-de-carabobo\/","title":{"rendered":"BARINAS | Estudiantes de la Unidad Educativa realizaron escenificaci\u00f3n de la Batalla de Carabobo"},"content":{"rendered":"<p style=\"text-align: justify;\"><em><strong><span style=\"font-size: 14pt;\">** Reconociendo el valor y la gallard\u00eda de los h\u00e9roes de la Patria en pro de la independencia de nuestra amada Venezuela<\/span><\/strong><\/em><!--more--><\/p>\n<p>&nbsp;<\/p>\n<p><span style=\"font-size: 14pt;\"><strong>HIRASYANEL BAYONA<\/strong><\/span><\/p>\n<p style=\"text-align: justify;\"><span style=\"font-size: 14pt;\">En una sencilla pero importante escenificaci\u00f3n, estudiantes de la Unidad Educativa Inces Barinas, en consonancia con orientaciones del Ministerio de Educaci\u00f3n, dieron vida a la Batalla de Carabobo en el marco de conmemorar el Bicentenario de la Independencia de Venezuela.<\/span><\/p>\n<p style=\"text-align: justify;\">\n<span style=\"font-size: 14pt;\">En la interpretaci\u00f3n, tuvieron participaci\u00f3n estudiantes del 1ro al 6to periodo acad\u00e9mico, en compa\u00f1\u00eda de sus docentes, quienes a trav\u00e9s de simples y concretos relatos marcaban la pauta para cada una de las escenas.<\/span><\/p>\n<p style=\"text-align: justify;\">\n<span style=\"font-size: 14pt;\">Amelia Nu\u00f1ez, directora de la unidad educativa explic\u00f3 que la actividad buscaba resaltar los 200 a\u00f1os de la independencia de Venezuela y fomentar en los estudiantes la identidad nacional, el amor a la Patria y el respeto por nuestros h\u00e9roes y hero\u00ednas a trav\u00e9s de la exaltaci\u00f3n de los mismos, lo que hace parte de nuestro patrimonio.<\/span><\/p>\n<p style=\"text-align: justify;\">\n<span style=\"font-size: 14pt;\">La escenificaci\u00f3n se desarroll\u00f3 en espacios de la sede regional, donde se apreci\u00f3 el esfuerzo, compromiso y dedicaci\u00f3n de los j\u00f3venes estudiantes, quienes adem\u00e1s, de acuerdo a sus posibilidades, adecuaron vestuario para la ocasi\u00f3n, siendo la escena m\u00e1s importante, el momento de trascendental importancia, como lo fue el enfrentamiento entre el ej\u00e9rcito realista y el ej\u00e9rcito patriota comandado por el Libertador Sim\u00f3n Bol\u00edvar, en el cual se obtuvo la victoria definitiva que trajo consigo la gesta libertaria que sello la Independencia de Venezuela.<\/span><\/p>\n<p style=\"text-align: justify;\">\n<span style=\"font-size: 14pt;\">Adem\u00e1s, mencion\u00f3 N\u00fa\u00f1ez, la actividad estaba enmarcada en el \u00e1rea social del componente Memoria, territorio y ciudadan\u00eda, parte de su pensum de estudio, por lo que fue propicia la ocasi\u00f3n para tal interpretaci\u00f3n y fomentar a mantener vigente el legado patriota, presente en las luchas actuales por la defensa de la soberan\u00eda de nuestro pueblo.<\/span><\/p>\n","protected":false},"excerpt":{"rendered":"<p>** Reconociendo el valor y la gallard\u00eda de los h\u00e9roes de la Patria en pro de la independencia de nuestra amada Venezuela<\/p>\n","protected":false},"author":4,"featured_media":38959,"comment_status":"closed","ping_status":"closed","sticky":false,"template":"","format":"standard","meta":{"footnotes":""},"categories":[2],"tags":[],"class_list":["post-38958","post","type-post","status-publish","format-standard","has-post-thumbnail","hentry","category-blog"],"_links":{"self":[{"href":"https:\/\/inces.gob.ve\/index.php\/wp-json\/wp\/v2\/posts\/38958","targetHints":{"allow":["GET"]}}],"collection":[{"href":"https:\/\/inces.gob.ve\/index.php\/wp-json\/wp\/v2\/posts"}],"about":[{"href":"https:\/\/inces.gob.ve\/index.php\/wp-json\/wp\/v2\/types\/post"}],"author":[{"embeddable":true,"href":"https:\/\/inces.gob.ve\/index.php\/wp-json\/wp\/v2\/users\/4"}],"replies":[{"embeddable":true,"href":"https:\/\/inces.gob.ve\/index.php\/wp-json\/wp\/v2\/comments?post=38958"}],"version-history":[{"count":2,"href":"https:\/\/inces.gob.ve\/index.php\/wp-json\/wp\/v2\/posts\/38958\/revisions"}],"predecessor-version":[{"id":38961,"href":"https:\/\/inces.gob.ve\/index.php\/wp-json\/wp\/v2\/posts\/38958\/revisions\/38961"}],"wp:featuredmedia":[{"embeddable":true,"href":"https:\/\/inces.gob.ve\/index.php\/wp-json\/wp\/v2\/media\/38959"}],"wp:attachment":[{"href":"https:\/\/inces.gob.ve\/index.php\/wp-json\/wp\/v2\/media?parent=38958"}],"wp:term":[{"taxonomy":"category","embeddable":true,"href":"https:\/\/inces.gob.ve\/index.php\/wp-json\/wp\/v2\/categories?post=38958"},{"taxonomy":"post_tag","embeddable":true,"href":"https:\/\/inces.gob.ve\/index.php\/wp-json\/wp\/v2\/tags?post=38958"}],"curies":[{"name":"wp","href":"https:\/\/api.w.org\/{rel}","templated":true}]}}