{"id":38964,"date":"2021-06-24T00:00:32","date_gmt":"2021-06-24T04:00:32","guid":{"rendered":"https:\/\/inces.gob.ve\/?p=38964"},"modified":"2021-06-24T08:52:53","modified_gmt":"2021-06-24T12:52:53","slug":"en-mayo-se-cumplieron-207-anos-de-la-primera-batalla-de-carabobo","status":"publish","type":"post","link":"https:\/\/inces.gob.ve\/index.php\/2021\/06\/24\/en-mayo-se-cumplieron-207-anos-de-la-primera-batalla-de-carabobo\/","title":{"rendered":"En mayo se cumplieron 207 a\u00f1os de la Primera Batalla de Carabobo"},"content":{"rendered":"<p style=\"text-align: justify;\"><span style=\"font-size: 14pt;\"><strong><em>***Cinco mil hombres, al mando de nuestro Libertador Sim\u00f3n Bol\u00edvar, vencieron a los realistas comandados por el Mariscal de Campo Juan Manuel Cajigal. \u00a1Viva la Patria!<\/em><\/strong><!--more--><\/span><\/p>\n<p style=\"text-align: justify;\">\n<strong><span style=\"font-size: 14pt;\">RODIN BUSTILLOS<\/span><\/strong><\/p>\n<p style=\"text-align: justify;\"><span style=\"font-size: 14pt;\">El 28 de mayo de 1814, hace 207 a\u00f1os, se llev\u00f3 a cabo la Primera Batalla de Carabobo, en el mismo campo del 24 de junio de 1821, en donde el ej\u00e9rcito republicano, derrot\u00f3 al ej\u00e9rcito espa\u00f1ol.<\/span><\/p>\n<p>&nbsp;<\/p>\n<p style=\"text-align: justify;\"><span style=\"font-size: 14pt;\">Una columna compuesta por 6.000 soldados espa\u00f1oles, al mando del Mariscal de Campo Juan Manuel Cajigal, desafi\u00f3 a las fuerzas patriotas del Padre de la Patria, Sim\u00f3n Bol\u00edvar, las cuales se encontraban acantonadas en la ciudad de Valencia.<\/span><\/p>\n<p>&nbsp;<\/p>\n<p style=\"text-align: justify;\"><span style=\"font-size: 14pt;\">El Libertador para preparar a sus soldados les dijo: \u201cVosotros ten\u00e9is delante los mismos jefes y los mismos espa\u00f1oles de quienes hab\u00e9is triunfado en m\u00e1s de cien combates, este debe ser el \u00faltimo\u201d.<\/span><\/p>\n<p>&nbsp;<\/p>\n<p style=\"text-align: justify;\"><span style=\"font-size: 14pt;\">El ataque se inici\u00f3 a la una de la tarde y culmin\u00f3 cinco horas despu\u00e9s, la maniobra ordenada por Bol\u00edvar utilizando la caballer\u00eda para desarticular los flancos enemigos result\u00f3 exitosa.<\/span><\/p>\n<p>&nbsp;<\/p>\n<p style=\"text-align: justify;\"><span style=\"font-size: 14pt;\">Los realista ten\u00edan la ventaja num\u00e9rica y pese a ello, Bol\u00edvar acudi\u00f3 a los llanos de Carabobo con 5.000 infantes y jinetes. Al momento de iniciarse el combate el resultado es incierto, pero la astucia militar del comandante patriota y el arrojo de sus soldados inclinan la batalla para el bando americano.<\/span><\/p>\n<p>&nbsp;<\/p>\n<p style=\"text-align: justify;\"><span style=\"font-size: 14pt;\">A esta Primera Batalla de Carabobo se sumaron Rafael Urdaneta, Manuel Cede\u00f1o, Santiago Mari\u00f1o, Jos\u00e9 F\u00e9lix Ribas, Jos\u00e9 Francisco Berm\u00fadez, Juan Jacinto Lara, Ambrosio Plaza, Leandro Palacios, Mariano Montilla, Francisco Carvajal, Pedro Brice\u00f1o M\u00e9ndez y otros.<\/span><\/p>\n<p>&nbsp;<\/p>\n<p style=\"text-align: justify;\"><span style=\"font-size: 14pt;\">Los realistas tuvieron 300 muertos y 1.100 prisioneros, las fuerzas oponentes huyeron unos hacia El Pao, otros hacia Barquisimeto y a San Carlos estado Cojedes, las fuerzas venezolanas perdieron 15 hombres en la acci\u00f3n<\/span><span style=\"font-size: 14pt;\">.<\/span><\/p>\n<p>&nbsp;<\/p>\n<p style=\"text-align: justify;\"><span style=\"font-size: 14pt;\">La victoria fue de suma relevancia, ya que el ej\u00e9rcito republicano estuvo al mando de nuestro Libertador Sim\u00f3n Bol\u00edvar, quien derrot\u00f3 al ej\u00e9rcito espa\u00f1ol comandado por el general Miguel de La Torre y Pando.<\/span><\/p>\n<p>&nbsp;<\/p>\n<p style=\"text-align: justify;\"><span style=\"font-size: 14pt;\">Hoy se rememoran los 207 a\u00f1os de la \u201cPrimera Batalla de Carabobo\u201d, una batalla que fue el inicio de la gran batalla en la llanura de los campos de Carabobo, donde cinco mil hombres batallaron al mando del Libertador Sim\u00f3n Bol\u00edvar para dar al traste con las tropas realistas comandadas por el Mariscal de Campo, Juan Manuel Cajigal. \u00a1Viva la Patria!<\/span><\/p>\n","protected":false},"excerpt":{"rendered":"<p>***Cinco mil hombres, al mando de nuestro Libertador Sim\u00f3n Bol\u00edvar, vencieron a los realistas comandados por el Mariscal de Campo Juan Manuel Cajigal. \u00a1Viva la Patria!<\/p>\n","protected":false},"author":4,"featured_media":38965,"comment_status":"closed","ping_status":"closed","sticky":false,"template":"","format":"standard","meta":{"footnotes":""},"categories":[2],"tags":[],"class_list":["post-38964","post","type-post","status-publish","format-standard","has-post-thumbnail","hentry","category-blog"],"_links":{"self":[{"href":"https:\/\/inces.gob.ve\/index.php\/wp-json\/wp\/v2\/posts\/38964","targetHints":{"allow":["GET"]}}],"collection":[{"href":"https:\/\/inces.gob.ve\/index.php\/wp-json\/wp\/v2\/posts"}],"about":[{"href":"https:\/\/inces.gob.ve\/index.php\/wp-json\/wp\/v2\/types\/post"}],"author":[{"embeddable":true,"href":"https:\/\/inces.gob.ve\/index.php\/wp-json\/wp\/v2\/users\/4"}],"replies":[{"embeddable":true,"href":"https:\/\/inces.gob.ve\/index.php\/wp-json\/wp\/v2\/comments?post=38964"}],"version-history":[{"count":1,"href":"https:\/\/inces.gob.ve\/index.php\/wp-json\/wp\/v2\/posts\/38964\/revisions"}],"predecessor-version":[{"id":38966,"href":"https:\/\/inces.gob.ve\/index.php\/wp-json\/wp\/v2\/posts\/38964\/revisions\/38966"}],"wp:featuredmedia":[{"embeddable":true,"href":"https:\/\/inces.gob.ve\/index.php\/wp-json\/wp\/v2\/media\/38965"}],"wp:attachment":[{"href":"https:\/\/inces.gob.ve\/index.php\/wp-json\/wp\/v2\/media?parent=38964"}],"wp:term":[{"taxonomy":"category","embeddable":true,"href":"https:\/\/inces.gob.ve\/index.php\/wp-json\/wp\/v2\/categories?post=38964"},{"taxonomy":"post_tag","embeddable":true,"href":"https:\/\/inces.gob.ve\/index.php\/wp-json\/wp\/v2\/tags?post=38964"}],"curies":[{"name":"wp","href":"https:\/\/api.w.org\/{rel}","templated":true}]}}