{"id":38980,"date":"2021-06-25T04:52:10","date_gmt":"2021-06-25T08:52:10","guid":{"rendered":"https:\/\/inces.gob.ve\/?p=38980"},"modified":"2021-06-24T19:55:13","modified_gmt":"2021-06-24T23:55:13","slug":"guarico-inces-participa-en-el-congreso-nacional-de-la-juventud-patriotica","status":"publish","type":"post","link":"https:\/\/inces.gob.ve\/index.php\/2021\/06\/25\/guarico-inces-participa-en-el-congreso-nacional-de-la-juventud-patriotica\/","title":{"rendered":"GU\u00c1RICO | Inces participa en el Congreso Nacional de la \u201cJuventud Patri\u00f3tica\u201d"},"content":{"rendered":"<p style=\"text-align: justify;\"><span style=\"font-size: 14pt;\"><em>** Los bachilleres productivos, aprendices y participantes guarique\u00f1os tendr\u00e1n la oportunidad de dar muestra de sus habilidades en redacci\u00f3n de ensayos y expresiones art\u00edsticas a nivel nacional, esto conmemorando la ruta bicentenaria de la gloriosa batalla de Carabobo y a los h\u00e9roes independentistas que dieron su vida por la libertad de Venezuela<\/em><\/span><!--more--><\/p>\n<p style=\"text-align: justify;\">\n<p style=\"text-align: justify;\"><strong><span style=\"font-size: 14pt;\">MAR\u00cdA SANTIAGO<\/span><\/strong><\/p>\n<p style=\"text-align: justify;\"><span style=\"font-size: 14pt;\">La Juventud Productiva en el estado Gu\u00e1rico participa en el primer Congreso Nacional de la \u201cJUVENTUD PATRI\u00d3TICA INCES\u201d en el que realizaron diversas muestras en el campo de dibujo, fotograf\u00eda y redacci\u00f3n de ensayos que disputar\u00e1n el primer lugar en una competencia a nivel nacional; esta es realizada por el Instituto Nacional de Capacitaci\u00f3n y Educaci\u00f3n Socialista en conjunto con el Ministerio de Educaci\u00f3n, con la finalidad de que el bicentenario de la batalla de Carabobo sirva para una m\u00e1s amplia difusi\u00f3n, reflexi\u00f3n y apropiaci\u00f3n de estos hechos trascendentales para la patria, pautando el anuncio de las obras ganadoras el d\u00eda 18 de agosto del 2021.<\/span><\/p>\n<p>&nbsp;<\/p>\n<p style=\"text-align: justify;\"><span style=\"font-size: 14pt;\">En el caso de los ensayos realizados por la juventud Inces, se llev\u00f3 a cabo una evaluaci\u00f3n y valoraci\u00f3n del contenido hist\u00f3rico de los documentos para seleccionar uno que represente a la regi\u00f3n llanera en el concurso a escala nacional, de manera que el autor se preparar\u00e1 para defender el contenido de su ensayo en una transmisi\u00f3n en l\u00ednea en la que estar\u00e1n presentes autoridades del Inces y el MPPPE.<\/span><\/p>\n<p>&nbsp;<\/p>\n<p style=\"text-align: justify;\"><span style=\"font-size: 14pt;\">El llamado al concurso de expresiones art\u00edsticas en las que se contemplan dibujo, fotograf\u00eda y muralismo en el que se representen los elementos distintivos de la \u00e9poca independentista, la batalla de Carabobo y los monumentos hist\u00f3ricos de la regi\u00f3n que representan la preservaci\u00f3n en el tiempo de estos hechos resaltantes en la vida de todas y todos los ciudadanos Venezolanos.<\/span><\/p>\n<p>&nbsp;<\/p>\n<p style=\"text-align: justify;\"><span style=\"font-size: 14pt;\">La gerente regional; Mar\u00eda Arisela Medina, aplaudi\u00f3 esta serie de actividades y felicit\u00f3 a la Coordinaci\u00f3n de Juventud Productiva Inces por la iniciativa en cuesti\u00f3n, \u201cestas estrategias educativas visibilizan la acci\u00f3n de nuestros h\u00e9roes y hero\u00ednas, hoy m\u00e1s que nunca Carabobo vuelve a llamarnos y la juventud Productiva Inces Gu\u00e1rico est\u00e1 activa y presente venciendo en medio de pandemia y acoso econ\u00f3mico, resaltando la importancia de preservar la memoria hist\u00f3rica y difundir acciones que nos permitan conocerla y vivirla en tiempo presente con una visi\u00f3n insurgente\u201d.<\/span><\/p>\n","protected":false},"excerpt":{"rendered":"<p>** Los bachilleres productivos, aprendices y participantes guarique\u00f1os tendr\u00e1n la oportunidad de dar muestra de sus habilidades en redacci\u00f3n de ensayos y expresiones art\u00edsticas a nivel nacional, esto conmemorando la ruta bicentenaria de la gloriosa batalla de Carabobo y a los h\u00e9roes independentistas que dieron su vida por la libertad de Venezuela<\/p>\n","protected":false},"author":4,"featured_media":38981,"comment_status":"closed","ping_status":"closed","sticky":false,"template":"","format":"standard","meta":{"footnotes":""},"categories":[2],"tags":[],"class_list":["post-38980","post","type-post","status-publish","format-standard","has-post-thumbnail","hentry","category-blog"],"_links":{"self":[{"href":"https:\/\/inces.gob.ve\/index.php\/wp-json\/wp\/v2\/posts\/38980","targetHints":{"allow":["GET"]}}],"collection":[{"href":"https:\/\/inces.gob.ve\/index.php\/wp-json\/wp\/v2\/posts"}],"about":[{"href":"https:\/\/inces.gob.ve\/index.php\/wp-json\/wp\/v2\/types\/post"}],"author":[{"embeddable":true,"href":"https:\/\/inces.gob.ve\/index.php\/wp-json\/wp\/v2\/users\/4"}],"replies":[{"embeddable":true,"href":"https:\/\/inces.gob.ve\/index.php\/wp-json\/wp\/v2\/comments?post=38980"}],"version-history":[{"count":1,"href":"https:\/\/inces.gob.ve\/index.php\/wp-json\/wp\/v2\/posts\/38980\/revisions"}],"predecessor-version":[{"id":38982,"href":"https:\/\/inces.gob.ve\/index.php\/wp-json\/wp\/v2\/posts\/38980\/revisions\/38982"}],"wp:featuredmedia":[{"embeddable":true,"href":"https:\/\/inces.gob.ve\/index.php\/wp-json\/wp\/v2\/media\/38981"}],"wp:attachment":[{"href":"https:\/\/inces.gob.ve\/index.php\/wp-json\/wp\/v2\/media?parent=38980"}],"wp:term":[{"taxonomy":"category","embeddable":true,"href":"https:\/\/inces.gob.ve\/index.php\/wp-json\/wp\/v2\/categories?post=38980"},{"taxonomy":"post_tag","embeddable":true,"href":"https:\/\/inces.gob.ve\/index.php\/wp-json\/wp\/v2\/tags?post=38980"}],"curies":[{"name":"wp","href":"https:\/\/api.w.org\/{rel}","templated":true}]}}