{"id":38984,"date":"2021-06-27T10:34:09","date_gmt":"2021-06-27T14:34:09","guid":{"rendered":"https:\/\/inces.gob.ve\/?p=38984"},"modified":"2023-05-30T10:22:39","modified_gmt":"2023-05-30T14:22:39","slug":"feliz-dia-facilitadores-inces","status":"publish","type":"post","link":"https:\/\/inces.gob.ve\/index.php\/2021\/06\/27\/feliz-dia-facilitadores-inces\/","title":{"rendered":"\u00a1\u00a1Feliz d\u00eda, facilitadores Inces!!"},"content":{"rendered":"<p align=\"justify\"><em><strong><span style=\"font-family: arial, helvetica, sans-serif; font-size: 14pt;\">** Este 27 de junio es el D\u00eda del Facilitador Inces raz\u00f3n por la cual desde el Inces Trujillo sus compa\u00f1eros les env\u00edan los mejores parabienes a quienes desde el inicio de esta cuarentena han tenido sobre sus hombros la operatividad de un organismo que debi\u00f3 inventarse en tiempos de pandemia para mantenerse en el gusto y la preferencia de las comunidades venezolanas<\/span><\/strong><\/em><!--more--><\/p>\n<p align=\"justify\">\n<p align=\"justify\"><span style=\"font-family: arial, helvetica, sans-serif; font-size: 14pt;\"><strong>MAR\u00cdA CABRERA<\/strong><br \/>\n<\/span><\/p>\n<p align=\"justify\"><span style=\"font-family: arial, helvetica, sans-serif; font-size: 14pt;\">Este 27 de junio es el d\u00eda del Instructor o Facilitador del Inces, ocasi\u00f3n que servir\u00e1 para que nuestro personal docente emplee esta fecha para compartirla en uni\u00f3n de los familiares y amigos en atenci\u00f3n a las medidas de bioseguridad destinadas a evitar el contagio del covid-19, tal como lo estipulan las normas implementadas por el gobierno nacional.<\/span><\/p>\n<p align=\"justify\">\n<p align=\"justify\"><span style=\"font-family: arial, helvetica, sans-serif; font-size: 14pt;\">La raz\u00f3n de esta fecha obedece a una propuesta formulada por el maestro Luis Beltr\u00e1n Prieto Figueroa, creador del Inces, para conmemorar y reconocer a los facilitadores por ser ese d\u00eda cuando se instaura en Venezuela la instrucci\u00f3n P\u00fablica, Gratuita y Obligatoria desde 1870 en el gobierno de Antonio Guzm\u00e1n Blanco.<\/span><\/p>\n<p align=\"justify\">\n<p align=\"justify\"><span style=\"font-family: arial, helvetica, sans-serif; font-size: 14pt;\">Desde el Instituto Nacional de Capacitaci\u00f3n y Educaci\u00f3n Socialista de Trujillo se pretende recordar y enaltecer la labor de estos compa\u00f1eros quienes, en honor a la verdad, han sido parte de esa n\u00f3mina que ha cargado en sus hombros la operatividad de este organismo que tuvo que reinventarse en pandemia para mantenerse dentro del gusto y la preferencia de las comunidades venezolanas.<\/span><\/p>\n<p align=\"justify\">\n<p align=\"justify\"><span style=\"font-family: arial, helvetica, sans-serif; font-size: 14pt;\">Como es sabido la denominaci\u00f3n Instructor o Facilitador Inces ha sufrido varios cambios producto del proceso de transformaci\u00f3n interna que experimentado el organismo desde la llegada de la Revoluci\u00f3n Bolivariana en 1999 con el presidente Hugo Ch\u00e1vez, con la firme intenci\u00f3n de adecuar los procesos de ense\u00f1anza y aprendizaje a las nuevas exigencias de las comunidades de esa Venezuela de este siglo.<\/span><\/p>\n<p align=\"justify\">\n<p align=\"justify\"><span style=\"font-family: arial, helvetica, sans-serif; font-size: 14pt;\">No obstante, la denominaci\u00f3n Instructor o Facilitador, como se llamaba a los que ingresaban y asum\u00edan una carga docente en el Inces comenz\u00f3 a experimentar cambios para efectos cursos, m\u00e1s para el Programa Nacional de Aprendizaje y las Unidades Educativas Inces se mantiene.<\/span><\/p>\n<p align=\"justify\">\n<p align=\"justify\"><span style=\"font-family: arial, helvetica, sans-serif; font-size: 14pt;\">Es as\u00ed como en la actualidad, la denominaci\u00f3n que asumen estos profesionales es maestros t\u00e9cnicos productivos, encargados de asumir el proceso de ense\u00f1anza en los distintos cursos de los diferentes programas que desarrolla el instituto en toda la geograf\u00eda nacional, especialmente en estos tiempos de pandemia que les ha servido de term\u00f3metro para medir su capacidad de respuesta ante la crisis.<\/span><\/p>\n<p align=\"justify\">\n<p align=\"justify\"><span style=\"font-family: arial, helvetica, sans-serif; font-size: 14pt;\">Raz\u00f3n por la cual, y valorando ese esfuerzo tremendo, la gerencia regional de Trujillo ha querido recordar el trabajo de estos profesionales en el Inces y enviar una felicitaci\u00f3n especial a todos los maestros t\u00e9cnicos productivos del pa\u00eds en nombre de sus compa\u00f1eros, y desearles lo mejor en esta fecha y momento cuando no deben olvidar su peso y valor en este organismo.<\/span><\/p>\n","protected":false},"excerpt":{"rendered":"<p>** Este 27 de junio es el D\u00eda del Facilitador Inces raz\u00f3n por la cual desde el Inces Trujillo sus compa\u00f1eros les env\u00edan los mejores parabienes a quienes desde el inicio de esta cuarentena han tenido sobre sus hombros la operatividad de un organismo que debi\u00f3 inventarse en tiempos de pandemia para mantenerse en el [&hellip;]<\/p>\n","protected":false},"author":4,"featured_media":38985,"comment_status":"closed","ping_status":"closed","sticky":false,"template":"","format":"standard","meta":{"footnotes":""},"categories":[2],"tags":[],"class_list":["post-38984","post","type-post","status-publish","format-standard","has-post-thumbnail","hentry","category-blog"],"_links":{"self":[{"href":"https:\/\/inces.gob.ve\/index.php\/wp-json\/wp\/v2\/posts\/38984","targetHints":{"allow":["GET"]}}],"collection":[{"href":"https:\/\/inces.gob.ve\/index.php\/wp-json\/wp\/v2\/posts"}],"about":[{"href":"https:\/\/inces.gob.ve\/index.php\/wp-json\/wp\/v2\/types\/post"}],"author":[{"embeddable":true,"href":"https:\/\/inces.gob.ve\/index.php\/wp-json\/wp\/v2\/users\/4"}],"replies":[{"embeddable":true,"href":"https:\/\/inces.gob.ve\/index.php\/wp-json\/wp\/v2\/comments?post=38984"}],"version-history":[{"count":2,"href":"https:\/\/inces.gob.ve\/index.php\/wp-json\/wp\/v2\/posts\/38984\/revisions"}],"predecessor-version":[{"id":51470,"href":"https:\/\/inces.gob.ve\/index.php\/wp-json\/wp\/v2\/posts\/38984\/revisions\/51470"}],"wp:featuredmedia":[{"embeddable":true,"href":"https:\/\/inces.gob.ve\/index.php\/wp-json\/wp\/v2\/media\/38985"}],"wp:attachment":[{"href":"https:\/\/inces.gob.ve\/index.php\/wp-json\/wp\/v2\/media?parent=38984"}],"wp:term":[{"taxonomy":"category","embeddable":true,"href":"https:\/\/inces.gob.ve\/index.php\/wp-json\/wp\/v2\/categories?post=38984"},{"taxonomy":"post_tag","embeddable":true,"href":"https:\/\/inces.gob.ve\/index.php\/wp-json\/wp\/v2\/tags?post=38984"}],"curies":[{"name":"wp","href":"https:\/\/api.w.org\/{rel}","templated":true}]}}