{"id":38995,"date":"2021-06-27T01:11:57","date_gmt":"2021-06-27T05:11:57","guid":{"rendered":"https:\/\/inces.gob.ve\/?p=38995"},"modified":"2021-06-28T08:16:05","modified_gmt":"2021-06-28T12:16:05","slug":"feliz-dia-del-periodista","status":"publish","type":"post","link":"https:\/\/inces.gob.ve\/index.php\/2021\/06\/27\/feliz-dia-del-periodista\/","title":{"rendered":"\u00a1\u00a1Feliz D\u00eda del Periodista!!"},"content":{"rendered":"<p align=\"justify\"><strong><em><span style=\"font-size: 14pt;\">** Esta fecha en Venezuela se celebra rememorando la acci\u00f3n del Padre de la Patria, Sim\u00f3n Bol\u00edvar cuando tomo la decisi\u00f3n de fundar el peri\u00f3dico el Correo de Orinoco, un 27 de junio del 1818, durante la Guerra de Independencia de Venezuela<\/span><\/em><\/strong><!--more--><\/p>\n<p>&nbsp;<\/p>\n<p><span style=\"font-size: 14pt;\"><strong>MAR\u00cdA CABRERA<\/strong><\/span><\/p>\n<p align=\"justify\"><span style=\"font-size: 14pt;\">Este 27 de junio los profesionales de la comunicaci\u00f3n social estamos de pl\u00e1cemes, pues celebramos el D\u00eda Nacional de Periodista en Venezuela, ocasi\u00f3n que en nuestro pa\u00eds se celebra a ra\u00edz de la decisi\u00f3n de nuestro Padre Libertador, Sim\u00f3n Bol\u00edvar de crear el peri\u00f3dico el \u201cCorreo de Orinoco\u201d, por all\u00e1 en 1818, durante la Guerra de por la Independencia de Venezuela.<\/span><\/p>\n<p align=\"justify\">\n<p align=\"justify\"><span style=\"font-size: 14pt;\">En a\u00f1os anteriores para los periodistas de Venezuela y en especial para los que trabajamos desarrollando el periodismo institucional, como el Inces, representaba una ocasi\u00f3n para debatir el ejercicio de la profesi\u00f3n y poner sobre la mesa la relevancia de esta forma de abordar la informaci\u00f3n e interpretaci\u00f3n noticiosa.<\/span><\/p>\n<p align=\"justify\">\n<p align=\"justify\"><span style=\"font-size: 14pt;\">No obstante, la pandemia oblig\u00f3 a hacer cambios radicales, incluso en la forma de desarrollar y debatir la profesi\u00f3n, con la puesta en marcha del tele trabajo que incluy\u00f3 un mayor empleo de nuevas tecnolog\u00edas para realizar la labor period\u00edstica, determinando en el caso particular de los que laboran en empresas del sector, poner m\u00e1s empe\u00f1o en el tratamiento noticioso para mejor informaci\u00f3n.<\/span><\/p>\n<p align=\"justify\">\n<p align=\"justify\"><span style=\"font-size: 14pt;\">Y es que en Venezuela con la aparici\u00f3n del covid-19 y la situaci\u00f3n de bloqueo internacional y las sanciones econ\u00f3micas impuestas por el gobierno de los Estados Unidos ha afectado la permanencia de los puestos de trabajo en algunas empresas period\u00edsticas privadas, oblig\u00f3 a que los profesionales de las empresas del estado redoblaran esfuerzos para informar a la colectividad sobre los programas sociales que desarrollan el gobierno nacional y de las regiones.<\/span><\/p>\n<p align=\"justify\">\n<p align=\"justify\"><span style=\"font-size: 14pt;\">En el caso particular del Inces, organismo que tienen n\u00facleos en los 24 estados de Venezuela, los periodistas han debido efectuar m\u00e1s trabajo reporteril y mayor esfuerzos en la redacci\u00f3n de las notas de prensa de forma que los lectores de peri\u00f3dicos y oyentes de programas audiovisuales, puedan captar mejor lo que se efect\u00faa en las empresas gubernamentales.<\/span><\/p>\n<p align=\"justify\">\n<p align=\"justify\"><span style=\"font-size: 14pt;\">Es as\u00ed como ante la acci\u00f3n de los profesionales de comunicaci\u00f3n del Inces se logra mantener al tanto a la colectividad de las acciones, cursos y novedades que el Inces despliega en favor de las comunidades como entrega de tapabocas, elaboraci\u00f3n de material m\u00e9dico-quir\u00fargico, la consecuci\u00f3n de las labores de aprendizaje en las Unidades B\u00e1sicas del Inces y de los distintos programas que ofrecen formaci\u00f3n, entre otras.<\/span><\/p>\n<p align=\"justify\">\n<p align=\"justify\"><span style=\"font-size: 14pt;\">Desde luego que el trabajo se desarrolla mejor cuando se cuenta con la colaboraci\u00f3n acertada de los medios privados que en Trujillo, particularmente, aun en tiempos de elecciones, se logra difundir porque la camarader\u00eda de los colegas y las alianzas institucionales que establecen los Gerentes Regionales con las empresas de los estados, facilitan la labor period\u00edstica.<\/span><\/p>\n<p align=\"justify\">\n<p align=\"justify\"><span style=\"font-size: 14pt;\">La ocasi\u00f3n es propicia para felicitar a los colegas y desearles lo mejor en este momento tan dif\u00edcil para nuestra profesi\u00f3n, pero muy importante donde la conciencia y la \u00e9tica nos indica cual es el rumbo a seguir&#8230;\u00a1\u00a1FELICIDADES, COLEGAS!!<\/span><\/p>\n","protected":false},"excerpt":{"rendered":"<p>** Esta fecha en Venezuela se celebra rememorando la acci\u00f3n del Padre de la Patria, Sim\u00f3n Bol\u00edvar cuando tomo la decisi\u00f3n de fundar el peri\u00f3dico el Correo de Orinoco, un 27 de junio del 1818, durante la Guerra de Independencia de Venezuela<\/p>\n","protected":false},"author":4,"featured_media":38996,"comment_status":"closed","ping_status":"closed","sticky":false,"template":"","format":"standard","meta":{"footnotes":""},"categories":[2],"tags":[],"class_list":["post-38995","post","type-post","status-publish","format-standard","has-post-thumbnail","hentry","category-blog"],"_links":{"self":[{"href":"https:\/\/inces.gob.ve\/index.php\/wp-json\/wp\/v2\/posts\/38995","targetHints":{"allow":["GET"]}}],"collection":[{"href":"https:\/\/inces.gob.ve\/index.php\/wp-json\/wp\/v2\/posts"}],"about":[{"href":"https:\/\/inces.gob.ve\/index.php\/wp-json\/wp\/v2\/types\/post"}],"author":[{"embeddable":true,"href":"https:\/\/inces.gob.ve\/index.php\/wp-json\/wp\/v2\/users\/4"}],"replies":[{"embeddable":true,"href":"https:\/\/inces.gob.ve\/index.php\/wp-json\/wp\/v2\/comments?post=38995"}],"version-history":[{"count":1,"href":"https:\/\/inces.gob.ve\/index.php\/wp-json\/wp\/v2\/posts\/38995\/revisions"}],"predecessor-version":[{"id":38997,"href":"https:\/\/inces.gob.ve\/index.php\/wp-json\/wp\/v2\/posts\/38995\/revisions\/38997"}],"wp:featuredmedia":[{"embeddable":true,"href":"https:\/\/inces.gob.ve\/index.php\/wp-json\/wp\/v2\/media\/38996"}],"wp:attachment":[{"href":"https:\/\/inces.gob.ve\/index.php\/wp-json\/wp\/v2\/media?parent=38995"}],"wp:term":[{"taxonomy":"category","embeddable":true,"href":"https:\/\/inces.gob.ve\/index.php\/wp-json\/wp\/v2\/categories?post=38995"},{"taxonomy":"post_tag","embeddable":true,"href":"https:\/\/inces.gob.ve\/index.php\/wp-json\/wp\/v2\/tags?post=38995"}],"curies":[{"name":"wp","href":"https:\/\/api.w.org\/{rel}","templated":true}]}}