{"id":39004,"date":"2021-06-28T08:25:20","date_gmt":"2021-06-28T12:25:20","guid":{"rendered":"https:\/\/inces.gob.ve\/?p=39004"},"modified":"2021-06-28T08:25:20","modified_gmt":"2021-06-28T12:25:20","slug":"merida-participante-aprendices-y-trabajadores-del-cfs-el-vigia-conmemoran-el-bicentenario","status":"publish","type":"post","link":"https:\/\/inces.gob.ve\/index.php\/2021\/06\/28\/merida-participante-aprendices-y-trabajadores-del-cfs-el-vigia-conmemoran-el-bicentenario\/","title":{"rendered":"M\u00c9RIDA | Participante, aprendices y trabajadores del CFS El Vig\u00eda conmemoran el Bicentenario"},"content":{"rendered":"<p align=\"justify\"><strong><span style=\"font-family: Arial, sans-serif; font-size: 14pt;\"><i>** La actividad tambi\u00e9n cont\u00f3 con la siembre del \u00e1rbol nacional, el Araguaney, por parte de los trabajadores y participante del curso de Mec\u00e1nica Automotriz<\/i><\/span><\/strong><!--more--><\/p>\n<p align=\"justify\">\n<p align=\"justify\"><span style=\"color: #222222; font-size: 14pt;\"><span style=\"font-family: Arial, sans-serif;\"><b>NADIA LOBO<\/b><\/span><\/span><\/p>\n<p align=\"justify\"><span style=\"color: #222222; font-size: 14pt;\"><span style=\"font-family: Arial, sans-serif;\">En el marco\u00a0 de los actos conmemorativos a los 200 a\u00f1os de la Batalla de Carabobo, en el centro de formaci\u00f3n socialista (CFS) El Vig\u00eda, jurisdicci\u00f3n del municipio Alberto Adriano del estado M\u00e9rida, se desarrollaron actividades protocolares, acad\u00e9micas, culturales y productivas, con el objetivo de rendir honor y tributo a los h\u00e9roes de la independencia. <\/span><\/span><\/p>\n<p align=\"justify\">\n<p align=\"justify\"><span style=\"color: #222222; font-size: 14pt;\"> <span style=\"font-family: Arial, sans-serif;\">As\u00ed lo inform\u00f3 el gerente regional del Inces M\u00e9rida, Geldrit Roca, quien destac\u00f3 que los actos iniciaron con una Parada Militar, por parte de los j\u00f3venes aprendices del curso de Asistente Administrativo, dirigido por el maestro t\u00e9cnico productivo (MTP), Neil Hern\u00e1ndez. Seguidamente entonaron las gloriosas notas del Himno Nacional., conjuntamente con la entrada de la Antorcha Bicentenario y el Tricolor Nacional. Para culminar con la lectura que contiene \u00abEl\u00a0 Parte\u00a0 de la Batalla de Carabobo, escrito por Sim\u00f3n Bol\u00edvar el 25 de Junio de 1.821\u00bb.<\/span><\/span><\/p>\n<p align=\"justify\">\n<p align=\"justify\"><span style=\"color: #222222; font-size: 14pt;\"><span style=\"font-family: Arial, sans-serif;\">La actividad tambi\u00e9n cont\u00f3 con una exposici\u00f3n productiva con la participaci\u00f3n de los cursos:\u00a0Procesamiento de Cacao, (MTP Teresa Maldonado); Confecci\u00f3n Industrial (MTP Iria Vivas) y Panificaci\u00f3n Dom\u00e9stica (MTP Irma Vivas), donde los participantes y maestros t\u00e9cnicos productivos mostraron piezas y productos elaborados durante la formaci\u00f3n y capacitaci\u00f3n del Inces.<\/span><\/span><\/p>\n<p align=\"justify\">\n<p align=\"justify\"><span style=\"color: #222222; font-size: 14pt;\"><span style=\"font-family: Arial, sans-serif;\">Por otra parte, explic\u00f3 Roca, se realiz\u00f3 el trasplante de \u00e1rbol nacional, el Araguaney en terrenos del CFS El Vig\u00eda, con el apoyo de los participantes, personal activo y jubilado del Inces, con el acompa\u00f1amiento de la MTP Yoleida Zerpa y Diony Roa facilitadores del \u00e1rea Agr\u00edcola, como parte del Plan de Siembra Nacional Bicentenario.<\/span><\/span><\/p>\n","protected":false},"excerpt":{"rendered":"<p>** La actividad tambi\u00e9n cont\u00f3 con la siembre del \u00e1rbol nacional, el Araguaney, por parte de los trabajadores y participante del curso de Mec\u00e1nica Automotriz<\/p>\n","protected":false},"author":4,"featured_media":39005,"comment_status":"closed","ping_status":"closed","sticky":false,"template":"","format":"standard","meta":{"footnotes":""},"categories":[2],"tags":[],"class_list":["post-39004","post","type-post","status-publish","format-standard","has-post-thumbnail","hentry","category-blog"],"_links":{"self":[{"href":"https:\/\/inces.gob.ve\/index.php\/wp-json\/wp\/v2\/posts\/39004","targetHints":{"allow":["GET"]}}],"collection":[{"href":"https:\/\/inces.gob.ve\/index.php\/wp-json\/wp\/v2\/posts"}],"about":[{"href":"https:\/\/inces.gob.ve\/index.php\/wp-json\/wp\/v2\/types\/post"}],"author":[{"embeddable":true,"href":"https:\/\/inces.gob.ve\/index.php\/wp-json\/wp\/v2\/users\/4"}],"replies":[{"embeddable":true,"href":"https:\/\/inces.gob.ve\/index.php\/wp-json\/wp\/v2\/comments?post=39004"}],"version-history":[{"count":1,"href":"https:\/\/inces.gob.ve\/index.php\/wp-json\/wp\/v2\/posts\/39004\/revisions"}],"predecessor-version":[{"id":39006,"href":"https:\/\/inces.gob.ve\/index.php\/wp-json\/wp\/v2\/posts\/39004\/revisions\/39006"}],"wp:featuredmedia":[{"embeddable":true,"href":"https:\/\/inces.gob.ve\/index.php\/wp-json\/wp\/v2\/media\/39005"}],"wp:attachment":[{"href":"https:\/\/inces.gob.ve\/index.php\/wp-json\/wp\/v2\/media?parent=39004"}],"wp:term":[{"taxonomy":"category","embeddable":true,"href":"https:\/\/inces.gob.ve\/index.php\/wp-json\/wp\/v2\/categories?post=39004"},{"taxonomy":"post_tag","embeddable":true,"href":"https:\/\/inces.gob.ve\/index.php\/wp-json\/wp\/v2\/tags?post=39004"}],"curies":[{"name":"wp","href":"https:\/\/api.w.org\/{rel}","templated":true}]}}