{"id":39008,"date":"2021-06-28T08:38:42","date_gmt":"2021-06-28T12:38:42","guid":{"rendered":"https:\/\/inces.gob.ve\/?p=39008"},"modified":"2021-06-28T08:38:42","modified_gmt":"2021-06-28T12:38:42","slug":"la-guaira-ministro-pinate-entrega-certificacion-a-mas-de-300-varguenses","status":"publish","type":"post","link":"https:\/\/inces.gob.ve\/index.php\/2021\/06\/28\/la-guaira-ministro-pinate-entrega-certificacion-a-mas-de-300-varguenses\/","title":{"rendered":"LA GUAIRA | Ministro Pi\u00f1ate entrega certificaci\u00f3n a m\u00e1s de 300 varguenses"},"content":{"rendered":"<div class=\"                     Igw0E     IwRSH      eGOV_         _4EzTm                                       ItkAi                                                                       \"><span style=\"font-size: 14pt;\"><em><strong>** La actividad cont\u00f3 con la participaci\u00f3n de la alcald\u00eda del municipio Vargas<\/strong><\/em><\/span><\/div>\n<p><span style=\"font-size: 14pt;\"><!--more--><\/span><\/p>\n<div><\/div>\n<div><span style=\"font-size: 14pt;\"><strong>PRENSA INCES<\/strong><\/span><\/div>\n<div><span style=\"font-size: 14pt;\">El Inces, en articulaci\u00f3n con la alcald\u00eda del municipio Vargas y la Misi\u00f3n Barrio Nuevo, Barrio Tricolor, lofr\u00f3 certificar\u00a0 m\u00e1s de 300 hombres y mujeres en actividades productivas como: carpinter\u00eda,<span class=\"\"> alba\u00f1iler\u00eda, herrer\u00eda, cocina y reposter\u00eda. <\/span><\/span><\/div>\n<div><\/div>\n<div><\/div>\n<div><span class=\"\" style=\"font-size: 14pt;\">La actividad cont\u00f3 con la participaci\u00f3n del Ministro del Poder Popular para la Educaci\u00f3n, Eduardo Pi\u00f1ate, y el alcalde de Vargas, Jos\u00e9 Alejandro Ter\u00e1n quien escribi\u00f3 en sus redes sociales: \u00abformamos al hombre nuevo, a la mujer nueva, en oficios \u00fatiles para la Patria\u00bb.<\/span><\/div>\n<div><\/div>\n<div><\/div>\n<div><span style=\"font-size: 12pt;\"><em>Noticia en desarrollo<\/em><\/span><\/div>\n","protected":false},"excerpt":{"rendered":"<p>** La actividad cont\u00f3 con la participaci\u00f3n de la alcald\u00eda del municipio Vargas<\/p>\n","protected":false},"author":4,"featured_media":39009,"comment_status":"closed","ping_status":"closed","sticky":false,"template":"","format":"standard","meta":{"footnotes":""},"categories":[2],"tags":[],"class_list":["post-39008","post","type-post","status-publish","format-standard","has-post-thumbnail","hentry","category-blog"],"_links":{"self":[{"href":"https:\/\/inces.gob.ve\/index.php\/wp-json\/wp\/v2\/posts\/39008","targetHints":{"allow":["GET"]}}],"collection":[{"href":"https:\/\/inces.gob.ve\/index.php\/wp-json\/wp\/v2\/posts"}],"about":[{"href":"https:\/\/inces.gob.ve\/index.php\/wp-json\/wp\/v2\/types\/post"}],"author":[{"embeddable":true,"href":"https:\/\/inces.gob.ve\/index.php\/wp-json\/wp\/v2\/users\/4"}],"replies":[{"embeddable":true,"href":"https:\/\/inces.gob.ve\/index.php\/wp-json\/wp\/v2\/comments?post=39008"}],"version-history":[{"count":2,"href":"https:\/\/inces.gob.ve\/index.php\/wp-json\/wp\/v2\/posts\/39008\/revisions"}],"predecessor-version":[{"id":39123,"href":"https:\/\/inces.gob.ve\/index.php\/wp-json\/wp\/v2\/posts\/39008\/revisions\/39123"}],"wp:featuredmedia":[{"embeddable":true,"href":"https:\/\/inces.gob.ve\/index.php\/wp-json\/wp\/v2\/media\/39009"}],"wp:attachment":[{"href":"https:\/\/inces.gob.ve\/index.php\/wp-json\/wp\/v2\/media?parent=39008"}],"wp:term":[{"taxonomy":"category","embeddable":true,"href":"https:\/\/inces.gob.ve\/index.php\/wp-json\/wp\/v2\/categories?post=39008"},{"taxonomy":"post_tag","embeddable":true,"href":"https:\/\/inces.gob.ve\/index.php\/wp-json\/wp\/v2\/tags?post=39008"}],"curies":[{"name":"wp","href":"https:\/\/api.w.org\/{rel}","templated":true}]}}