{"id":39031,"date":"2021-06-30T07:36:17","date_gmt":"2021-06-30T11:36:17","guid":{"rendered":"https:\/\/inces.gob.ve\/?p=39031"},"modified":"2021-06-30T10:39:34","modified_gmt":"2021-06-30T14:39:34","slug":"trujillo-ministerio-del-trabajo-instala-mes-tecnica-multidisciplinaria","status":"publish","type":"post","link":"https:\/\/inces.gob.ve\/index.php\/2021\/06\/30\/trujillo-ministerio-del-trabajo-instala-mes-tecnica-multidisciplinaria\/","title":{"rendered":"TRUJILLO | Ministerio del Trabajo instala mes t\u00e9cnica multidisciplinaria"},"content":{"rendered":"<p align=\"justify\"><strong><em><span style=\"font-family: Arial, sans-serif; font-size: 14pt;\">** La <span style=\"color: #1c2022;\">acci\u00f3n del organismo gubernamental pretende cumplir con el plan formativo elaborado para los distintos trabajadores quienes ya est\u00e1n debidamente informados tanto del procedimiento administrativo a cumplir como de las condiciones formativas a reunir para proceder certificaci\u00f3n y acreditaci\u00f3n de saberes emp\u00edricos que asumir\u00e1 el Inces-Trujillo<\/span><\/span><\/em><\/strong><!--more--><\/p>\n<p align=\"justify\"><span style=\"font-size: 14pt;\"><strong>MAR\u00cdA CABRERA<\/strong><\/span><\/p>\n<p align=\"justify\"><span style=\"font-family: Arial, sans-serif; font-size: 14pt;\">En el marco del convenio de cooperaci\u00f3n interinstitucional de formaci\u00f3n y autoformaci\u00f3n colectiva, integral, continua y permanente, se instala la Mesa T\u00e9cnica Multidisciplinaria de Acompa\u00f1amiento, Orientaci\u00f3n y Sistematizaci\u00f3n en el Estado Trujillo, para la formaci\u00f3n y auto formaci\u00f3n colectiva, integral, continua y permanente de la clase trabajadora.<\/span><\/p>\n<p align=\"justify\">\n<p align=\"justify\"><span style=\"font-family: Arial, sans-serif; font-size: 14pt;\">Dicha mesa t\u00e9cnica multidisciplinaria fue instalada por el Ministerio del Poder Popular Para El Proceso Social del Trabajo, organismo que estuvo a su vez acompa\u00f1ado por el Instituto Nacional de Capacitaci\u00f3n y Educaci\u00f3n Socialista de Trujillo, en la persona de Ang\u00e9lica Mor\u00f3n Aldana, Gerente Regional.<\/span><\/p>\n<p align=\"justify\">\n<p align=\"justify\"><span style=\"font-family: Arial, sans-serif; font-size: 14pt;\">A la cita tambi\u00e9n acudieron los representantes del Centro de Encuentro para la Educaci\u00f3n y el Trabajo, Direcci\u00f3n Estadal de la Misi\u00f3n Ribas, Robinson, Sucre, CBSTCCP, Voceros de los CPTT el cual se desarroll\u00f3 en las oficinas del Min del Trabajo en Valera.<\/span><\/p>\n<p align=\"justify\">\n<p align=\"justify\"><span style=\"color: #1c2022; font-size: 14pt;\"><span style=\"font-family: Arial, sans-serif;\">Esta instalaci\u00f3n de la mesa t\u00e9cnica, tiene la responsabilidad del acompa\u00f1amiento, orientaci\u00f3n y sistematizaci\u00f3n en la certificaci\u00f3n de saberes, acreditaci\u00f3n y prosecuci\u00f3n educativa de los trabajadores, dijo la Gerente Regional del Inces-Trujillo.<\/span><\/span><\/p>\n<p align=\"justify\">\n<p align=\"justify\"><span style=\"color: #1c2022; font-size: 14pt;\"><span style=\"font-family: Arial, sans-serif;\">Con esta acci\u00f3n el Ministerio del Poder Popular Para El Proceso Social del Trabajo cumple as\u00ed con el plan formativo elaborado para los distintos trabajadores quienes ya est\u00e1n debidamente informados tanto del procedimiento administrativo a cumplir como de las condiciones formativas a reunir para proceder certificaci\u00f3n y acreditaci\u00f3n de saberes emp\u00edricos que asumir\u00e1 \u00edntegramente el Inces-Trujillo, dijo Ang\u00e9lica Mor\u00f3n Aldana.<br \/>\n<\/span><\/span><\/p>\n","protected":false},"excerpt":{"rendered":"<p>** La acci\u00f3n del organismo gubernamental pretende cumplir con el plan formativo elaborado para los distintos trabajadores quienes ya est\u00e1n debidamente informados tanto del procedimiento administrativo a cumplir como de las condiciones formativas a reunir para proceder certificaci\u00f3n y acreditaci\u00f3n de saberes emp\u00edricos que asumir\u00e1 el Inces-Trujillo<\/p>\n","protected":false},"author":4,"featured_media":39032,"comment_status":"closed","ping_status":"closed","sticky":false,"template":"","format":"standard","meta":{"footnotes":""},"categories":[2],"tags":[],"class_list":["post-39031","post","type-post","status-publish","format-standard","has-post-thumbnail","hentry","category-blog"],"_links":{"self":[{"href":"https:\/\/inces.gob.ve\/index.php\/wp-json\/wp\/v2\/posts\/39031","targetHints":{"allow":["GET"]}}],"collection":[{"href":"https:\/\/inces.gob.ve\/index.php\/wp-json\/wp\/v2\/posts"}],"about":[{"href":"https:\/\/inces.gob.ve\/index.php\/wp-json\/wp\/v2\/types\/post"}],"author":[{"embeddable":true,"href":"https:\/\/inces.gob.ve\/index.php\/wp-json\/wp\/v2\/users\/4"}],"replies":[{"embeddable":true,"href":"https:\/\/inces.gob.ve\/index.php\/wp-json\/wp\/v2\/comments?post=39031"}],"version-history":[{"count":2,"href":"https:\/\/inces.gob.ve\/index.php\/wp-json\/wp\/v2\/posts\/39031\/revisions"}],"predecessor-version":[{"id":39034,"href":"https:\/\/inces.gob.ve\/index.php\/wp-json\/wp\/v2\/posts\/39031\/revisions\/39034"}],"wp:featuredmedia":[{"embeddable":true,"href":"https:\/\/inces.gob.ve\/index.php\/wp-json\/wp\/v2\/media\/39032"}],"wp:attachment":[{"href":"https:\/\/inces.gob.ve\/index.php\/wp-json\/wp\/v2\/media?parent=39031"}],"wp:term":[{"taxonomy":"category","embeddable":true,"href":"https:\/\/inces.gob.ve\/index.php\/wp-json\/wp\/v2\/categories?post=39031"},{"taxonomy":"post_tag","embeddable":true,"href":"https:\/\/inces.gob.ve\/index.php\/wp-json\/wp\/v2\/tags?post=39031"}],"curies":[{"name":"wp","href":"https:\/\/api.w.org\/{rel}","templated":true}]}}