{"id":39058,"date":"2021-06-30T21:00:38","date_gmt":"2021-07-01T01:00:38","guid":{"rendered":"https:\/\/inces.gob.ve\/?p=39058"},"modified":"2021-06-30T22:28:37","modified_gmt":"2021-07-01T02:28:37","slug":"inces-continua-agenda-internacional","status":"publish","type":"post","link":"https:\/\/inces.gob.ve\/index.php\/2021\/06\/30\/inces-continua-agenda-internacional\/","title":{"rendered":"Inces contin\u00faa agenda internacional"},"content":{"rendered":"<p align=\"justify\"><span style=\"font-size: 14pt;\"><i><b>** La casa formativa tiene la tarea de construir una ruta de trabajo inmediata con pa\u00edses amigos en materia de formaci\u00f3n t\u00e9cnica profesional<\/b><\/i><\/span><!--more--><\/p>\n<p align=\"justify\">\n<p align=\"justify\"><span style=\"font-size: 14pt;\"><b>PRENSA INCES<\/b><\/span><\/p>\n<p align=\"justify\"><span style=\"font-size: 14pt;\">El presidente del Inces, Wuikelman Angel Paredes, sostuvo una reuni\u00f3n en la sede del Ministerio del Poder Popular para las Relaciones Exteriores con los viceministros para Europa Yv\u00e1n Gil y para Asia, Medio Oriente y Ocean\u00eda, Capaya Rodr\u00edguez.<\/span><\/p>\n<p align=\"justify\">\n<p align=\"justify\"><img loading=\"lazy\" decoding=\"async\" class=\"aligncenter wp-image-39061 size-large\" src=\"https:\/\/inces.gob.ve\/wp-content\/uploads\/2021\/06\/IMG-20210629-WA0039-1024x498.jpg\" alt=\"\" width=\"640\" height=\"311\" srcset=\"https:\/\/inces.gob.ve\/wp-content\/uploads\/2021\/06\/IMG-20210629-WA0039-1024x498.jpg 1024w, https:\/\/inces.gob.ve\/wp-content\/uploads\/2021\/06\/IMG-20210629-WA0039-300x146.jpg 300w, https:\/\/inces.gob.ve\/wp-content\/uploads\/2021\/06\/IMG-20210629-WA0039-768x374.jpg 768w, https:\/\/inces.gob.ve\/wp-content\/uploads\/2021\/06\/IMG-20210629-WA0039.jpg 1032w\" sizes=\"auto, (max-width: 640px) 100vw, 640px\" \/>\n<\/p>\n<p align=\"justify\">\n<p align=\"justify\"><span style=\"font-size: 14pt;\">Durante la sesi\u00f3n de trabajo, los viceministros y las autoridades del Inces avanzaron en la construcci\u00f3n de una una agenda que permitir\u00e1 el intercambio de experiencias con naciones amigas, apalancar los procesos formativos y concretar el intercambio y actualizaci\u00f3n del cuerpo docente.<\/span><\/p>\n<p align=\"justify\">\n<p align=\"justify\"><span style=\"font-size: 14pt;\">En concreto, el vicecanciller para Europa propuso al Inces trabajar en una agenda inmediata con pa\u00edses aliados del viejo continente, espec\u00edficamente Rusia, Turqu\u00eda y Bielorrusia, naciones que se reunir\u00e1n el venidero mes de octubre, en la denominada Comisi\u00f3n Mixta de Alto Nivel.<\/span><\/p>\n<p align=\"justify\">\n<p align=\"justify\"><img loading=\"lazy\" decoding=\"async\" class=\"aligncenter wp-image-39062 size-large\" src=\"https:\/\/inces.gob.ve\/wp-content\/uploads\/2021\/06\/IMG-20210629-WA0042-1024x576.jpg\" alt=\"\" width=\"640\" height=\"360\" srcset=\"https:\/\/inces.gob.ve\/wp-content\/uploads\/2021\/06\/IMG-20210629-WA0042-1024x576.jpg 1024w, https:\/\/inces.gob.ve\/wp-content\/uploads\/2021\/06\/IMG-20210629-WA0042-300x169.jpg 300w, https:\/\/inces.gob.ve\/wp-content\/uploads\/2021\/06\/IMG-20210629-WA0042-768x432.jpg 768w, https:\/\/inces.gob.ve\/wp-content\/uploads\/2021\/06\/IMG-20210629-WA0042.jpg 1080w\" sizes=\"auto, (max-width: 640px) 100vw, 640px\" \/><\/p>\n<p align=\"justify\">\n<p align=\"justify\"><span style=\"font-size: 14pt;\">En lo que respecta a As\u00eda, Medio Oriente y Ocean\u00eda, la veceministra Rodr\u00edguez anunci\u00f3 que se adelante la incorporaci\u00f3n de Venezuela como pa\u00eds observador en la ASEAN (Asociaci\u00f3n Nacional del Sudeste Asi\u00e1tico), acci\u00f3n propicia para pautar una reuni\u00f3n en los pr\u00f3ximos d\u00edas con los embajadores de los pa\u00edses adscritos a esta asociaci\u00f3n, con el objetivo de trazar una ruta de trabajo que se pueda materializar en el mes de agosto, a prop\u00f3sito del aniversario del Inces.<\/span><\/p>\n<p align=\"justify\">\n<p align=\"justify\"><span style=\"font-size: 14pt;\">As\u00ed mismo, pero a mediano plano, se comenzar\u00e1 a planificar una agenda m\u00e1s detallada y espec\u00edfica con China y algunos pa\u00edses del Pac\u00edfico.<\/span><\/p>\n<p align=\"justify\">\n<p align=\"justify\"><span style=\"font-size: 14pt;\">Para finalizar, la viceministra para Asia puso a disposici\u00f3n del Inces cuatro plataformas educativas pertenecientes a Singapur, Malasia, China y Tailandia, con la finalidad de lograr la actualizaci\u00f3n de los maestros de la casa formativa.<\/span><\/p>\n<p align=\"justify\">\n<p align=\"justify\"><span style=\"font-size: 14pt;\">Al finalizar el encuentro, el presidente del Inces mostr\u00f3 benepl\u00e1cito y manifest\u00f3: \u201cUna de nuestras l\u00edneas estrat\u00e9gicas para este 2021 es fortalecer el Sistema Nacional de Formaci\u00f3n T\u00e9cnica Profesional y estamos seguros que activar mecanismos de cooperaci\u00f3n internacional es una forma acertada para alcanzar este objetivo\u201d.<\/span><\/p>\n<p align=\"justify\">\n<p align=\"justify\"><span style=\"font-size: 14pt;\">Por parte del Inces participaron tambi\u00e9n el director ejecutivo de Formaci\u00f3n y Autoformaci\u00f3n, Guyen Soto; la gerente general de Cooperaci\u00f3n Nacional e Internacional, Luis Veloz y la gerente general de Comunicaciones, Jessica Lugo.<\/span><\/p>\n","protected":false},"excerpt":{"rendered":"<p>** La casa formativa tiene la tarea de construir una ruta de trabajo inmediata con pa\u00edses amigos en materia de formaci\u00f3n t\u00e9cnica profesional<\/p>\n","protected":false},"author":4,"featured_media":39060,"comment_status":"closed","ping_status":"closed","sticky":false,"template":"","format":"standard","meta":{"footnotes":""},"categories":[2],"tags":[],"class_list":["post-39058","post","type-post","status-publish","format-standard","has-post-thumbnail","hentry","category-blog"],"_links":{"self":[{"href":"https:\/\/inces.gob.ve\/index.php\/wp-json\/wp\/v2\/posts\/39058","targetHints":{"allow":["GET"]}}],"collection":[{"href":"https:\/\/inces.gob.ve\/index.php\/wp-json\/wp\/v2\/posts"}],"about":[{"href":"https:\/\/inces.gob.ve\/index.php\/wp-json\/wp\/v2\/types\/post"}],"author":[{"embeddable":true,"href":"https:\/\/inces.gob.ve\/index.php\/wp-json\/wp\/v2\/users\/4"}],"replies":[{"embeddable":true,"href":"https:\/\/inces.gob.ve\/index.php\/wp-json\/wp\/v2\/comments?post=39058"}],"version-history":[{"count":1,"href":"https:\/\/inces.gob.ve\/index.php\/wp-json\/wp\/v2\/posts\/39058\/revisions"}],"predecessor-version":[{"id":39063,"href":"https:\/\/inces.gob.ve\/index.php\/wp-json\/wp\/v2\/posts\/39058\/revisions\/39063"}],"wp:featuredmedia":[{"embeddable":true,"href":"https:\/\/inces.gob.ve\/index.php\/wp-json\/wp\/v2\/media\/39060"}],"wp:attachment":[{"href":"https:\/\/inces.gob.ve\/index.php\/wp-json\/wp\/v2\/media?parent=39058"}],"wp:term":[{"taxonomy":"category","embeddable":true,"href":"https:\/\/inces.gob.ve\/index.php\/wp-json\/wp\/v2\/categories?post=39058"},{"taxonomy":"post_tag","embeddable":true,"href":"https:\/\/inces.gob.ve\/index.php\/wp-json\/wp\/v2\/tags?post=39058"}],"curies":[{"name":"wp","href":"https:\/\/api.w.org\/{rel}","templated":true}]}}