{"id":39113,"date":"2021-07-06T01:28:52","date_gmt":"2021-07-06T05:28:52","guid":{"rendered":"https:\/\/inces.gob.ve\/?p=39113"},"modified":"2021-07-06T07:42:25","modified_gmt":"2021-07-06T11:42:25","slug":"aragua-inces-socializara-el-sistema-de-educacion-de-formacion-tecnica-profesional-con-instituciones-educativas-de-la-entidad-araguena","status":"publish","type":"post","link":"https:\/\/inces.gob.ve\/index.php\/2021\/07\/06\/aragua-inces-socializara-el-sistema-de-educacion-de-formacion-tecnica-profesional-con-instituciones-educativas-de-la-entidad-araguena\/","title":{"rendered":"ARAGUA | Inces socializar\u00e1 el Sistema de Educaci\u00f3n de Formaci\u00f3n T\u00e9cnica Profesional con instituciones educativas de la entidad arague\u00f1a"},"content":{"rendered":"<p style=\"text-align: justify;\"><strong><em><span style=\"font-size: 14pt;\">** Con el de fin de convertir la formaci\u00f3n t\u00e9cnica profesional en una como pol\u00edtica p\u00fablica, donde la instituci\u00f3n transversalice todo el sistema educativo en Venezuela, el Inces Aragua socializar\u00e1 con instituciones educativas de la entidad arag\u00fce\u00f1a esta propuesta<\/span><\/em><\/strong><!--more--><\/p>\n<p>&nbsp;<\/p>\n<p style=\"text-align: justify;\"><strong><span style=\"font-size: 14pt;\">ROD\u00cdN BUSTILLOS<\/span><\/strong><\/p>\n<p style=\"text-align: justify;\"><span style=\"font-size: 14pt;\"> As\u00ed lo inform\u00f3 el gerente regional del Inces Aragua, Oliver Medina, quien se\u00f1al\u00f3 que es importante que todo el sistema educativo conozca del tema.<\/span><\/p>\n<p>&nbsp;<\/p>\n<p style=\"text-align: justify;\"><span style=\"font-size: 14pt;\"> \u00abEstamos siguiendo los lineamientos del presidente del Inces, Wuikelman Angel, respecto a vincular a la instituci\u00f3n con toda la educaci\u00f3n, no solamente con las zonas educativas, sino con todos los institutos de formaci\u00f3n, las empresas, las escuelas t\u00e9cnicas, las comunidades y todo aquello que est\u00e1 enlazado y relacionado con el proceso de educaci\u00f3n y formaci\u00f3n para el trabajo\u00bb, acot\u00f3 Medina. <\/span><\/p>\n<p>&nbsp;<\/p>\n<p style=\"text-align: justify;\"><span style=\"font-size: 14pt;\">En reuni\u00f3n conjunta con la autoridad \u00fanica de la zona educativa de Aragua, Leonardo Alvarado y la coordinadora de la Misi\u00f3n Sucre, Gladys Torrealba, Medina se\u00f1al\u00f3 que acordaron acreditar y realizar los procesos de certificaci\u00f3n de saberes a la poblaci\u00f3n estudiantil de las escuelas t\u00e9cnicas. <\/span><\/p>\n<p>&nbsp;<\/p>\n<p style=\"text-align: justify;\"><span style=\"font-size: 14pt;\">\u00abEstaremos desarrollando el proceso de acreditaci\u00f3n y la creaci\u00f3n de brigadas estudiantiles, donde reciban formaci\u00f3n en electricidad, plomer\u00eda, alba\u00f1iler\u00eda y otras formaciones, lo que va a permitir la recuperaci\u00f3n de los planteles en cada municipio del Inces del estado Aragua\u00bb. <\/span><\/p>\n<p>&nbsp;<\/p>\n<p style=\"text-align: justify;\"><span style=\"font-size: 14pt;\">Inform\u00f3 Oliver Medina, que se tiene previsto para este mes de julio la presentaci\u00f3n de una muestra productiva donde participar\u00e1n colegios, liceos, Ciencia y Tecnolog\u00eda y el Inces, con el fin de integrar el Sistema de Formaci\u00f3n T\u00e9cnica Profesional, con la innovaci\u00f3n, la ciencia y la tecnolog\u00eda a la educaci\u00f3n formal.<\/span><\/p>\n","protected":false},"excerpt":{"rendered":"<p>** Con el de fin de convertir la formaci\u00f3n t\u00e9cnica profesional en una como pol\u00edtica p\u00fablica, donde la instituci\u00f3n transversalice todo el sistema educativo en Venezuela, el Inces Aragua socializar\u00e1 con instituciones educativas de la entidad arag\u00fce\u00f1a esta propuesta<\/p>\n","protected":false},"author":4,"featured_media":39114,"comment_status":"closed","ping_status":"closed","sticky":false,"template":"","format":"standard","meta":{"footnotes":""},"categories":[2],"tags":[],"class_list":["post-39113","post","type-post","status-publish","format-standard","has-post-thumbnail","hentry","category-blog"],"_links":{"self":[{"href":"https:\/\/inces.gob.ve\/index.php\/wp-json\/wp\/v2\/posts\/39113","targetHints":{"allow":["GET"]}}],"collection":[{"href":"https:\/\/inces.gob.ve\/index.php\/wp-json\/wp\/v2\/posts"}],"about":[{"href":"https:\/\/inces.gob.ve\/index.php\/wp-json\/wp\/v2\/types\/post"}],"author":[{"embeddable":true,"href":"https:\/\/inces.gob.ve\/index.php\/wp-json\/wp\/v2\/users\/4"}],"replies":[{"embeddable":true,"href":"https:\/\/inces.gob.ve\/index.php\/wp-json\/wp\/v2\/comments?post=39113"}],"version-history":[{"count":1,"href":"https:\/\/inces.gob.ve\/index.php\/wp-json\/wp\/v2\/posts\/39113\/revisions"}],"predecessor-version":[{"id":39115,"href":"https:\/\/inces.gob.ve\/index.php\/wp-json\/wp\/v2\/posts\/39113\/revisions\/39115"}],"wp:featuredmedia":[{"embeddable":true,"href":"https:\/\/inces.gob.ve\/index.php\/wp-json\/wp\/v2\/media\/39114"}],"wp:attachment":[{"href":"https:\/\/inces.gob.ve\/index.php\/wp-json\/wp\/v2\/media?parent=39113"}],"wp:term":[{"taxonomy":"category","embeddable":true,"href":"https:\/\/inces.gob.ve\/index.php\/wp-json\/wp\/v2\/categories?post=39113"},{"taxonomy":"post_tag","embeddable":true,"href":"https:\/\/inces.gob.ve\/index.php\/wp-json\/wp\/v2\/tags?post=39113"}],"curies":[{"name":"wp","href":"https:\/\/api.w.org\/{rel}","templated":true}]}}