{"id":39118,"date":"2021-07-06T07:49:54","date_gmt":"2021-07-06T11:49:54","guid":{"rendered":"https:\/\/inces.gob.ve\/?p=39118"},"modified":"2021-07-06T07:50:41","modified_gmt":"2021-07-06T11:50:41","slug":"inces-merida-inicia-formacion-a-brigadas-de-minaguas","status":"publish","type":"post","link":"https:\/\/inces.gob.ve\/index.php\/2021\/07\/06\/inces-merida-inicia-formacion-a-brigadas-de-minaguas\/","title":{"rendered":"M\u00c9RIDA | Inces inicia formaci\u00f3n de brigadas de Minaguas"},"content":{"rendered":"<p><span style=\"font-family: Arial, sans-serif;\"><span style=\"font-size: medium;\"><i><strong>** El convenio entre ambas instituciones tambi\u00e9n contempla la acreditaci\u00f3n de las Brigadas del Poder Popular para la Atenci\u00f3n de las Aguas (BRIPA)<\/strong> <\/i><\/span><\/span><!--more--><\/p>\n<p>&nbsp;<\/p>\n<p><span style=\"font-family: Arial, sans-serif;\"><span style=\"font-size: medium;\"><span style=\"color: #000000;\"><b>NADIA LOBO | M\u00e9rida<\/b><\/span><\/span><\/span><\/p>\n<p><span style=\"font-family: Arial, sans-serif;\"><span style=\"font-size: medium;\">Dando cumplimiento al convenio entre el Ministerio del Poder Popular de Atenci\u00f3n de las Aguas (Minaguas) y el Instituto Nacional de Capacitaci\u00f3n y Educaci\u00f3n Socialista (Inces), en el estado M\u00e9rida inici\u00f3 la formaci\u00f3n de 32 brigadistas que conforman las primeras cuatro brigadas de atenci\u00f3n al servicio del vital l\u00edquido en la entidad.<\/span><\/span><\/p>\n<p>&nbsp;<\/p>\n<p><span style=\"font-family: Arial, sans-serif;\"><span style=\"font-size: medium;\">As\u00ed lo inform\u00f3 el gerente regional del Inces. Geldrit Roca, quien destac\u00f3 que cumpliendo las orientaciones gobierno bolivariano y materializando el acuerdo entre ambas instituciones, se desarroll\u00f3 de manera satisfactoria reuni\u00f3n de trabajo con la directiva regional de Minaguas, Aguas de M\u00e9rida y Agua Ejido, con el objetivo de iniciar la formaci\u00f3n y acreditaci\u00f3n de las primeras brigadas de mantenimiento. <\/span><\/span><\/p>\n<p>&nbsp;<\/p>\n<p><span style=\"color: #000000;\"><span style=\"font-family: Arial, sans-serif;\"><span style=\"font-size: medium;\">Indic\u00f3 igualmente, en una primera fase se iniciar\u00e1 la capacitaci\u00f3n de cuatro cuadrillas conformadas por 8 trabajadores cada una, quienes recibir\u00e1n formaci\u00f3n en plomer\u00eda, electricidad, alba\u00f1iler\u00eda, entre otros cursos, que permitan mejorar la capacidad de respuesta de los servicios que le competen al Ministerio de Aguas en e<\/span><\/span><\/span><span style=\"font-family: Arial, sans-serif;\"><span style=\"font-size: medium;\">je metropolitano que comprenden los municipios: Libertador, Santos Marquina. Campo El\u00edas y Sucre del estado M\u00e9rida.<\/span><\/span><\/p>\n<p>&nbsp;<\/p>\n<p><span style=\"color: #000000;\"><span style=\"font-family: Arial, sans-serif;\"><span style=\"font-size: medium;\">Explic\u00f3 <\/span><\/span><\/span><span style=\"color: #000000;\"><span style=\"font-family: Arial, sans-serif;\"><span style=\"font-size: medium;\">que<\/span><\/span><\/span><span style=\"color: #000000;\"><span style=\"font-family: Arial, sans-serif;\"><span style=\"font-size: medium;\"> otro de los compromisos asumidos por el Inces con Minaguas, ser\u00e1 el dise\u00f1o y creaci\u00f3n de la Unidad Curricular: Manejo de Cuencas, para complementar el adiestramiento que permita ejecutar entre otras tareas, jornadas de limpieza en r\u00edos, quebradas y sus afluentes para prevenir posibles desbordamientos e inundaciones, a prop\u00f3sito del inicio de la temporada de lluvia en la zona andina.<\/span><\/span><\/span><\/p>\n<p>&nbsp;<\/p>\n","protected":false},"excerpt":{"rendered":"<p>** El convenio entre ambas instituciones tambi\u00e9n contempla la acreditaci\u00f3n de las Brigadas del Poder Popular para la Atenci\u00f3n de las Aguas (BRIPA)<\/p>\n","protected":false},"author":4,"featured_media":39119,"comment_status":"closed","ping_status":"closed","sticky":false,"template":"","format":"standard","meta":{"footnotes":""},"categories":[2],"tags":[],"class_list":["post-39118","post","type-post","status-publish","format-standard","has-post-thumbnail","hentry","category-blog"],"_links":{"self":[{"href":"https:\/\/inces.gob.ve\/index.php\/wp-json\/wp\/v2\/posts\/39118","targetHints":{"allow":["GET"]}}],"collection":[{"href":"https:\/\/inces.gob.ve\/index.php\/wp-json\/wp\/v2\/posts"}],"about":[{"href":"https:\/\/inces.gob.ve\/index.php\/wp-json\/wp\/v2\/types\/post"}],"author":[{"embeddable":true,"href":"https:\/\/inces.gob.ve\/index.php\/wp-json\/wp\/v2\/users\/4"}],"replies":[{"embeddable":true,"href":"https:\/\/inces.gob.ve\/index.php\/wp-json\/wp\/v2\/comments?post=39118"}],"version-history":[{"count":2,"href":"https:\/\/inces.gob.ve\/index.php\/wp-json\/wp\/v2\/posts\/39118\/revisions"}],"predecessor-version":[{"id":39121,"href":"https:\/\/inces.gob.ve\/index.php\/wp-json\/wp\/v2\/posts\/39118\/revisions\/39121"}],"wp:featuredmedia":[{"embeddable":true,"href":"https:\/\/inces.gob.ve\/index.php\/wp-json\/wp\/v2\/media\/39119"}],"wp:attachment":[{"href":"https:\/\/inces.gob.ve\/index.php\/wp-json\/wp\/v2\/media?parent=39118"}],"wp:term":[{"taxonomy":"category","embeddable":true,"href":"https:\/\/inces.gob.ve\/index.php\/wp-json\/wp\/v2\/categories?post=39118"},{"taxonomy":"post_tag","embeddable":true,"href":"https:\/\/inces.gob.ve\/index.php\/wp-json\/wp\/v2\/tags?post=39118"}],"curies":[{"name":"wp","href":"https:\/\/api.w.org\/{rel}","templated":true}]}}