{"id":39151,"date":"2021-07-08T09:03:40","date_gmt":"2021-07-08T13:03:40","guid":{"rendered":"https:\/\/inces.gob.ve\/?p=39151"},"modified":"2021-07-08T09:03:40","modified_gmt":"2021-07-08T13:03:40","slug":"aragua-inces-presento-muestra-de-productos-en-feria-socioproductiva","status":"publish","type":"post","link":"https:\/\/inces.gob.ve\/index.php\/2021\/07\/08\/aragua-inces-presento-muestra-de-productos-en-feria-socioproductiva\/","title":{"rendered":"ARAGUA | Inces\u00a0 present\u00f3 muestra de productos en feria socioproductiva"},"content":{"rendered":"<p style=\"text-align: justify;\"><span style=\"font-size: 14pt;\">** \u00abEste evento es reflejo de los proyectos productivos y de autogesti\u00f3n que se han desarrollado durante el a\u00f1o en balance de cierre pedag\u00f3gico\u00bb<\/span><\/p>\n<p>&nbsp;<\/p>\n<p style=\"text-align: justify;\"><span style=\"font-size: 14pt;\">Mostrar a la comunidad de La Barraca, en la parroquia Santa Mar\u00eda, en el municipio Girardot, liceo Julio Morales, la producci\u00f3n que realiza el Inces Aragua a trav\u00e9s de las distintas formaciones que imparte la instituci\u00f3n por parte de los Maestros T\u00e9cnicos Productivos (MTP), es parte del sistema curricular de educaci\u00f3n en los diferentes motores productivos de la naci\u00f3n. <\/span><\/p>\n<p>&nbsp;<\/p>\n<p style=\"text-align: justify;\"><span style=\"font-size: 14pt;\">As\u00ed lo inform\u00f3 Rosa Torres, responsable del Programa Penitenciario \u00abLuisa C\u00e1ceres de Arismendi\u00bb, en el estado Aragua, quienes se\u00f1al\u00f3 que a trav\u00e9s de un trabajo en equipo con los Maestros T\u00e9cnicos Productivos, (MTP), Elisa Moreno y Humberto Plaza, as\u00ed con la participaci\u00f3n del CFS Textil y Metalminero Mcy, es llevarle a las comunidades organizadas la Formaci\u00f3n T\u00e9cnica Profesional. <\/span><\/p>\n<p>&nbsp;<\/p>\n<p style=\"text-align: justify;\"><span style=\"font-size: 14pt;\">\u00abNosotros preparamos a personas a partir de los 14 a\u00f1os de edad, de manera que se forme en los distintos programas que imparte la instituci\u00f3n por parte de nuestros Maestros T\u00e9cnicos Productivos, (MTP), como lo establece los 16 motores productivos contenido en el sistema curricular del Inces\u00bb, acot\u00f3 Torres.<\/span><\/p>\n<p>&nbsp;<\/p>\n<p style=\"text-align: justify;\"><span style=\"font-size: 14pt;\"> Se\u00f1al\u00f3 Torres que una vez que los participantes culminan la formaci\u00f3n t\u00e9cnica profesional van al campo laboral. \u00abUna vez que la persona culmina su formaci\u00f3n se forma como t\u00e9cnico medio en educaci\u00f3n T\u00e9cnica Profesional, en menci\u00f3n de uno de los motores productivos, con la posiblidad de mejorar sus ingresos propios y formar peque\u00f1as Unidades de Producci\u00f3n Familiares (UPF), que puedan abastecer las necesidades de su comunidad y ser emprendedores, estamos impartiendo conocimientos a todo aquel que desee aprender nuestros oficios\u00bb manifest\u00f3 Torres. <\/span><\/p>\n<p>&nbsp;<\/p>\n<p style=\"text-align: justify;\"><span style=\"font-size: 14pt;\">Por su parte el Coordinador de Educaci\u00f3n Media T\u00e9cnica, de la Zona Educativa de Aragua,\u00a0 Rodolfo Bonalde, inform\u00f3 que se cont\u00f3 en esta feria Socioproductiva con la presencia de m\u00e1s de 20 instituciones educativas, nivel inicial, primaria, med\u00eda t\u00e9cnica, educaci\u00f3n para adultos, la Misi\u00f3n Robinson, Ribas y el Inces. \u00abEste evento es reflejo de los proyectos productivos y de autogesti\u00f3n que se han desarrollado durante el a\u00f1o en balance de cierre pedag\u00f3gico\u00bb, expres\u00f3 Bonalde.<\/span><\/p>\n","protected":false},"excerpt":{"rendered":"<p>** \u00abEste evento es reflejo de los proyectos productivos y de autogesti\u00f3n que se han desarrollado durante el a\u00f1o en balance de cierre pedag\u00f3gico\u00bb &nbsp; Mostrar a la comunidad de La Barraca, en la parroquia Santa Mar\u00eda, en el municipio Girardot, liceo Julio Morales, la producci\u00f3n que realiza el Inces Aragua a trav\u00e9s de las [&hellip;]<\/p>\n","protected":false},"author":4,"featured_media":39152,"comment_status":"closed","ping_status":"closed","sticky":false,"template":"","format":"standard","meta":{"footnotes":""},"categories":[2],"tags":[],"class_list":["post-39151","post","type-post","status-publish","format-standard","has-post-thumbnail","hentry","category-blog"],"_links":{"self":[{"href":"https:\/\/inces.gob.ve\/index.php\/wp-json\/wp\/v2\/posts\/39151","targetHints":{"allow":["GET"]}}],"collection":[{"href":"https:\/\/inces.gob.ve\/index.php\/wp-json\/wp\/v2\/posts"}],"about":[{"href":"https:\/\/inces.gob.ve\/index.php\/wp-json\/wp\/v2\/types\/post"}],"author":[{"embeddable":true,"href":"https:\/\/inces.gob.ve\/index.php\/wp-json\/wp\/v2\/users\/4"}],"replies":[{"embeddable":true,"href":"https:\/\/inces.gob.ve\/index.php\/wp-json\/wp\/v2\/comments?post=39151"}],"version-history":[{"count":1,"href":"https:\/\/inces.gob.ve\/index.php\/wp-json\/wp\/v2\/posts\/39151\/revisions"}],"predecessor-version":[{"id":39153,"href":"https:\/\/inces.gob.ve\/index.php\/wp-json\/wp\/v2\/posts\/39151\/revisions\/39153"}],"wp:featuredmedia":[{"embeddable":true,"href":"https:\/\/inces.gob.ve\/index.php\/wp-json\/wp\/v2\/media\/39152"}],"wp:attachment":[{"href":"https:\/\/inces.gob.ve\/index.php\/wp-json\/wp\/v2\/media?parent=39151"}],"wp:term":[{"taxonomy":"category","embeddable":true,"href":"https:\/\/inces.gob.ve\/index.php\/wp-json\/wp\/v2\/categories?post=39151"},{"taxonomy":"post_tag","embeddable":true,"href":"https:\/\/inces.gob.ve\/index.php\/wp-json\/wp\/v2\/tags?post=39151"}],"curies":[{"name":"wp","href":"https:\/\/api.w.org\/{rel}","templated":true}]}}