{"id":39197,"date":"2021-07-13T08:09:28","date_gmt":"2021-07-13T12:09:28","guid":{"rendered":"https:\/\/inces.gob.ve\/?p=39197"},"modified":"2021-07-13T08:09:28","modified_gmt":"2021-07-13T12:09:28","slug":"san-carlos-gerencia-regional-de-cojedes-trabaja-con-el-poder-popular-para-atender-problemas-de-la-comunidad-de-el-retazo","status":"publish","type":"post","link":"https:\/\/inces.gob.ve\/index.php\/2021\/07\/13\/san-carlos-gerencia-regional-de-cojedes-trabaja-con-el-poder-popular-para-atender-problemas-de-la-comunidad-de-el-retazo\/","title":{"rendered":"SAN CARLOS| Gerencia Regional de Cojedes trabaja con el Poder Popular para atender problemas de la comunidad de El Retazo"},"content":{"rendered":"<p class=\"western\" lang=\"es-VE\" align=\"justify\"><span style=\"font-size: 14pt;\"><em><strong>** El trabajo se realiza con Hidrocentro, Aguas de Cojedes y el poder popular<\/strong><\/em><br \/>\n<!--more--><\/span><\/p>\n<p lang=\"es-VE\" align=\"justify\">\n<p class=\"western\" lang=\"es-VE\" align=\"justify\"><span style=\"font-size: 14pt;\">Por orientaciones del presidente del Inces, Wuikelman Angel Paredes, la regional de Cojedes viene trabajando con las comunidades, sectores sociales y poder popular en el desarrollo de la formaci\u00f3n productiva y su vinculaci\u00f3n con la resoluci\u00f3n de problemas concretos de las sociedad. <\/span><\/p>\n<p lang=\"es-VE\" align=\"justify\">\n<p class=\"western\" lang=\"es-VE\" align=\"justify\"><span style=\"font-size: 14pt;\">En esta ocasi\u00f3n el centro de formaci\u00f3n socialista (CFS) Cnel. Francisco Carvajal y sus maestros t\u00e9cnicos productivos, trabajan junto al Equipo de Base del Poder Popular del Eje 4 para la elaboraci\u00f3n de dos (02) abrazaderas para el sistema de distribuci\u00f3n de agua potable para la comunidad de El Retazo. Las mismas son de 10 y 8 pulgadas, con salida de 2 pulgadas de di\u00e1metro, para conectar el tubo matriz al de distribuci\u00f3n, siendo ensambladas en hierro. <\/span><\/p>\n<p lang=\"es-VE\" align=\"justify\">\n<p class=\"western\" lang=\"es-VE\" align=\"justify\"><span style=\"font-size: 14pt;\">Gracias a los conocimientos t\u00e9cnicos y en oficios de Herrer\u00eda y Plomer\u00eda de este colectivo y al trabajo mancomunado que se efect\u00faa con Hidrocentro, Aguas de Cojedes e Inces se logra promover el Gobierno Popular de las Aguas y la Formaci\u00f3n t\u00e9cnica y Profesional con pertinencia social. <\/span><\/p>\n<p lang=\"es-VE\" align=\"justify\">\n<p class=\"western\" lang=\"es-VE\" align=\"justify\"><span style=\"font-size: large;\"><span style=\"font-size: 14pt;\">Al respecto, la Coordinadora del Equipo de Base Popular Eje 4, Raisbel Hern\u00e1ndez, mencion\u00f3: \u201cLa comunidad necesita la atenci\u00f3n directa de los problemas, por eso el gobierno nacional y regional deben trabajar de manera conjunta. Hoy celebramos el trabajo porque beneficiamos a mas de 1000 familias de la comunidad de El Retazo.<\/span> <\/span><\/p>\n","protected":false},"excerpt":{"rendered":"<p>** El trabajo se realiza con Hidrocentro, Aguas de Cojedes y el poder popular<\/p>\n","protected":false},"author":4,"featured_media":28979,"comment_status":"closed","ping_status":"closed","sticky":false,"template":"","format":"standard","meta":{"footnotes":""},"categories":[2],"tags":[336,335],"class_list":["post-39197","post","type-post","status-publish","format-standard","has-post-thumbnail","hentry","category-blog","tag-aguas","tag-carabobo200inces"],"_links":{"self":[{"href":"https:\/\/inces.gob.ve\/index.php\/wp-json\/wp\/v2\/posts\/39197","targetHints":{"allow":["GET"]}}],"collection":[{"href":"https:\/\/inces.gob.ve\/index.php\/wp-json\/wp\/v2\/posts"}],"about":[{"href":"https:\/\/inces.gob.ve\/index.php\/wp-json\/wp\/v2\/types\/post"}],"author":[{"embeddable":true,"href":"https:\/\/inces.gob.ve\/index.php\/wp-json\/wp\/v2\/users\/4"}],"replies":[{"embeddable":true,"href":"https:\/\/inces.gob.ve\/index.php\/wp-json\/wp\/v2\/comments?post=39197"}],"version-history":[{"count":1,"href":"https:\/\/inces.gob.ve\/index.php\/wp-json\/wp\/v2\/posts\/39197\/revisions"}],"predecessor-version":[{"id":39198,"href":"https:\/\/inces.gob.ve\/index.php\/wp-json\/wp\/v2\/posts\/39197\/revisions\/39198"}],"wp:featuredmedia":[{"embeddable":true,"href":"https:\/\/inces.gob.ve\/index.php\/wp-json\/wp\/v2\/media\/28979"}],"wp:attachment":[{"href":"https:\/\/inces.gob.ve\/index.php\/wp-json\/wp\/v2\/media?parent=39197"}],"wp:term":[{"taxonomy":"category","embeddable":true,"href":"https:\/\/inces.gob.ve\/index.php\/wp-json\/wp\/v2\/categories?post=39197"},{"taxonomy":"post_tag","embeddable":true,"href":"https:\/\/inces.gob.ve\/index.php\/wp-json\/wp\/v2\/tags?post=39197"}],"curies":[{"name":"wp","href":"https:\/\/api.w.org\/{rel}","templated":true}]}}