{"id":39225,"date":"2021-07-14T09:09:41","date_gmt":"2021-07-14T13:09:41","guid":{"rendered":"https:\/\/inces.gob.ve\/?p=39225"},"modified":"2021-07-15T11:45:34","modified_gmt":"2021-07-15T15:45:34","slug":"miranda-brigadistas-de-minaguas-eje-petare-norte-somn-formados-por-el-inces","status":"publish","type":"post","link":"https:\/\/inces.gob.ve\/index.php\/2021\/07\/14\/miranda-brigadistas-de-minaguas-eje-petare-norte-somn-formados-por-el-inces\/","title":{"rendered":"MIRANDA | Brigadistas de MinAguas, Eje Petare Norte son formados por el Inces"},"content":{"rendered":"<p style=\"text-align: justify;\"><span style=\"font-size: 14pt;\"><i>** Las brigadas comunitarias fortalecer\u00e1n la distribuci\u00f3n del servicio h\u00eddrico y atender\u00e1n aver\u00edas menores de agua potable<\/i><\/span><!--more--><\/p>\n<p style=\"text-align: justify;\">\n<p style=\"text-align: justify;\"><span style=\"font-size: 14pt;\"><b>PRENSA <\/b><\/span><\/p>\n<p style=\"text-align: justify;\"><span style=\"font-size: 14pt;\">Dando cumplimiento al convenio entre el Ministerio del Poder Popular de Atenci\u00f3n de las Aguas y el Inces, en el estado Miranda culmin\u00f3 el Curso Seguridad Industrial y Ambiente de Trabajo, facilitado a siete brigadistas que conforman la cuadrilla del Eje Petare Norte, del municipio Sucre.<\/span><\/p>\n<p style=\"text-align: justify;\">\n<p style=\"text-align: justify;\"><span style=\"font-size: 14pt;\">La actividad formativa se realiz\u00f3 en el Centro de Formaci\u00f3n Socialista (CF.S) Textil, ubicado en el edificio Colombeia de Los Cortijos y estuvo a cargo de la maestra Gertrudis Pe\u00f1aloza.<\/span><\/p>\n<p style=\"text-align: justify;\">\n<p style=\"text-align: justify;\"><span style=\"font-size: 14pt;\">Es importante destacar que estas brigadas comunitarias fortalecer\u00e1n la distribuci\u00f3n del servicio h\u00eddrico dentro de las comunidades y atender\u00e1n aver\u00edas menores de agua potable.<\/span><\/p>\n<p style=\"text-align: justify;\">\n<p style=\"text-align: justify;\"><span style=\"font-size: 14pt;\">Al respecto, el gerente regional del Inces, Erick Vera, destac\u00f3 que esta instituci\u00f3n educativa, sigue formando y capacitando la clase trabajadora.<\/span><\/p>\n","protected":false},"excerpt":{"rendered":"<p>** Las brigadas comunitarias fortalecer\u00e1n la distribuci\u00f3n del servicio h\u00eddrico y atender\u00e1n aver\u00edas menores de agua potable<\/p>\n","protected":false},"author":4,"featured_media":21687,"comment_status":"closed","ping_status":"closed","sticky":false,"template":"","format":"standard","meta":{"footnotes":""},"categories":[2],"tags":[],"class_list":["post-39225","post","type-post","status-publish","format-standard","has-post-thumbnail","hentry","category-blog"],"_links":{"self":[{"href":"https:\/\/inces.gob.ve\/index.php\/wp-json\/wp\/v2\/posts\/39225","targetHints":{"allow":["GET"]}}],"collection":[{"href":"https:\/\/inces.gob.ve\/index.php\/wp-json\/wp\/v2\/posts"}],"about":[{"href":"https:\/\/inces.gob.ve\/index.php\/wp-json\/wp\/v2\/types\/post"}],"author":[{"embeddable":true,"href":"https:\/\/inces.gob.ve\/index.php\/wp-json\/wp\/v2\/users\/4"}],"replies":[{"embeddable":true,"href":"https:\/\/inces.gob.ve\/index.php\/wp-json\/wp\/v2\/comments?post=39225"}],"version-history":[{"count":2,"href":"https:\/\/inces.gob.ve\/index.php\/wp-json\/wp\/v2\/posts\/39225\/revisions"}],"predecessor-version":[{"id":39232,"href":"https:\/\/inces.gob.ve\/index.php\/wp-json\/wp\/v2\/posts\/39225\/revisions\/39232"}],"wp:featuredmedia":[{"embeddable":true,"href":"https:\/\/inces.gob.ve\/index.php\/wp-json\/wp\/v2\/media\/21687"}],"wp:attachment":[{"href":"https:\/\/inces.gob.ve\/index.php\/wp-json\/wp\/v2\/media?parent=39225"}],"wp:term":[{"taxonomy":"category","embeddable":true,"href":"https:\/\/inces.gob.ve\/index.php\/wp-json\/wp\/v2\/categories?post=39225"},{"taxonomy":"post_tag","embeddable":true,"href":"https:\/\/inces.gob.ve\/index.php\/wp-json\/wp\/v2\/tags?post=39225"}],"curies":[{"name":"wp","href":"https:\/\/api.w.org\/{rel}","templated":true}]}}