{"id":39254,"date":"2021-07-16T21:28:36","date_gmt":"2021-07-17T01:28:36","guid":{"rendered":"https:\/\/inces.gob.ve\/?p=39254"},"modified":"2021-07-16T21:28:36","modified_gmt":"2021-07-17T01:28:36","slug":"especial-cria-de-pollos-un-emprendimiento-familiar-que-se-desarrolla-en-el-urbanismo-la-isabelica","status":"publish","type":"post","link":"https:\/\/inces.gob.ve\/index.php\/2021\/07\/16\/especial-cria-de-pollos-un-emprendimiento-familiar-que-se-desarrolla-en-el-urbanismo-la-isabelica\/","title":{"rendered":"ESPECIAL | Cr\u00eda de Pollos: Un emprendimiento familiar que se desarrolla en el urbanismo La Isabelica"},"content":{"rendered":"<p lang=\"es-VE\" align=\"justify\"><i><b><span style=\"font-family: Times New Roman, serif;\"><span style=\"font-size: large;\">** <\/span><\/span><span style=\"font-family: Times New Roman, serif;\">El joven Wilmer Mart\u00ednez, luego de su formaci\u00f3n con el Inces Carabobo, inici\u00f3 este proyecto que beneficia a su familia y a la comunidad <\/span><\/b><\/i><!--more--><\/p>\n<p lang=\"es-VE\" align=\"justify\">\n<p lang=\"es-VE\" align=\"justify\">\n<p lang=\"es-VE\" align=\"justify\"><span style=\"font-family: Times New Roman, serif;\"><b>ATILIA CORT\u00c9Z CA\u00d1ADAS<\/b><\/span><\/p>\n<p lang=\"es-VE\" align=\"justify\"><span style=\"font-family: Times New Roman, serif;\"><span style=\"font-size: medium;\">En el urbanismo La Isabelica del municipio Valencia del estado Carabobo, en el sector 10, se desarrolla un emprendimiento que consiste en la cr\u00eda de pollos de engorde y de gallinas ponedoras; <\/span><\/span><span style=\"font-family: Times New Roman, serif;\"><span style=\"font-size: medium;\"><b>p<\/b><\/span><\/span><span style=\"font-family: Times New Roman, serif;\"><span style=\"font-size: medium;\"><b>royecto que inici\u00f3 hace a\u00f1o y medio el joven Wilmer Mart\u00ednez<\/b><\/span><\/span><span style=\"font-family: Times New Roman, serif;\"><span style=\"font-size: medium;\">, luego que participar\u00e1 en una capacitaci\u00f3n del \u00e1rea productiva, que se llev\u00f3 a cabo desde el <\/span><\/span><span style=\"font-family: Times New Roman, serif;\"><span style=\"font-size: medium;\">centro de formaci\u00f3n socialista (CFS) <\/span><\/span><span style=\"font-family: Times New Roman, serif;\"><span style=\"font-size: medium;\">Rafael Urdaneta del Inces Carabobo.<\/span><\/span><\/p>\n<p lang=\"es-VE\" align=\"justify\">\n<p lang=\"es-VE\" align=\"justify\"><span style=\"font-family: Times New Roman, serif;\"><span style=\"font-size: medium;\">Wilmer Mart\u00ednez, emprendedor y residente del sector 10 de La Isabelica, expres\u00f3 que gracias a la formaci\u00f3n del Inces Carabobo <\/span><\/span><span style=\"font-family: Times New Roman, serif;\"><span style=\"font-size: medium;\">y <\/span><\/span><span style=\"font-family: Times New Roman, serif;\"><span style=\"font-size: medium;\">\u201ccon mis ganas de emprender pude hacer realidad este proyecto personal y ya tengo un a\u00f1o y medio criando pollos desde mi hogar con el apoyo de mi familia y la comunidad.<\/span><\/span><\/p>\n<p lang=\"es-VE\" align=\"justify\">\n<p lang=\"es-VE\" align=\"justify\"><span style=\"color: #000000;\">\u201c<span style=\"font-family: Times New Roman, serif;\"><span style=\"font-size: medium;\">El curso que se realic<\/span><\/span><\/span><span style=\"color: #000000;\"><span style=\"font-family: Times New Roman, serif;\"><span style=\"font-size: medium;\">\u00e9<\/span><\/span><\/span><span style=\"color: #000000;\"><span style=\"font-family: Times New Roman, serif;\"><span style=\"font-size: medium;\"> en el Inces Carabobo se llam\u00f3 \u201c<\/span><\/span><\/span><span style=\"color: #000000;\"><span style=\"font-family: Times New Roman, serif;\"><span style=\"font-size: medium;\"><b>Cr\u00eda de pollo para engorde\u201d<\/b><\/span><\/span><\/span><span style=\"color: #000000;\"><span style=\"font-family: Times New Roman, serif;\"><span style=\"font-size: medium;\"> y luego de finalizarlo me motiv<\/span><\/span><\/span><span style=\"color: #000000;\"><span style=\"font-family: Times New Roman, serif;\"><span style=\"font-size: medium;\">\u00e9<\/span><\/span><\/span><span style=\"color: #000000;\"><span style=\"font-family: Times New Roman, serif;\"><span style=\"font-size: medium;\"> y le d<\/span><\/span><\/span><span style=\"color: #000000;\"><span style=\"font-family: Times New Roman, serif;\"><span style=\"font-size: medium;\">i<\/span><\/span><\/span><span style=\"color: #000000;\"><span style=\"font-family: Times New Roman, serif;\"><span style=\"font-size: medium;\"> inicio a este proyecto. <\/span><\/span><\/span><span style=\"color: #000000;\"><span style=\"font-family: Times New Roman, serif;\"><span style=\"font-size: medium;\">M<\/span><\/span><\/span><span style=\"color: #000000;\"><span style=\"font-family: Times New Roman, serif;\"><span style=\"font-size: medium;\">e ha ido bien, sin embargo, hay que tomar en cuenta que todo proyecto <\/span><\/span><\/span><span style=\"color: #000000;\"><span style=\"font-family: Times New Roman, serif;\"><span style=\"font-size: medium;\">tiene <\/span><\/span><\/span><span style=\"color: #000000;\"><span style=\"font-family: Times New Roman, serif;\"><span style=\"font-size: medium;\">altas y bajas, a veces tropiezo<\/span><\/span><\/span><span style=\"color: #000000;\"><span style=\"font-family: Times New Roman, serif;\"><span style=\"font-size: medium;\">s. I<\/span><\/span><\/span><span style=\"color: #000000;\"><span style=\"font-family: Times New Roman, serif;\"><span style=\"font-size: medium;\">niciar no es f\u00e1cil, pero si le pones empe\u00f1o y coraz\u00f3n se pueden concretar tus sue\u00f1os y metas\u201d, acot<\/span><\/span><\/span><span style=\"color: #000000;\"><span style=\"font-family: Times New Roman, serif;\"><span style=\"font-size: medium;\">\u00f3<\/span><\/span><\/span><span style=\"color: #000000;\"><span style=\"font-family: Times New Roman, serif;\"><span style=\"font-size: medium;\"> Mart\u00ednez.<\/span><\/span><\/span><\/p>\n<p lang=\"es-VE\" align=\"justify\">\n<p lang=\"es-VE\" align=\"justify\"><span style=\"font-family: Times New Roman, serif;\"><span style=\"font-size: medium;\"><b>La organizaci\u00f3n e higiene factores importante para la cr\u00eda de animales <\/b><\/span><\/span><\/p>\n<p lang=\"es-VE\" align=\"justify\"><span style=\"color: #000000;\">\u201c<span style=\"font-family: Times New Roman, serif;\"><span style=\"font-size: medium;\">Con este proyecto ayudo tanto a mi familia <\/span><\/span><\/span><span style=\"color: #000000;\"><span style=\"font-family: Times New Roman, serif;\"><span style=\"font-size: medium;\">como<\/span><\/span><\/span><span style=\"color: #000000;\"><span style=\"font-family: Times New Roman, serif;\"><span style=\"font-size: medium;\"> a mi comunidad, para que mis vecinos obtengan de forma f\u00e1cil y econ\u00f3mica la prote\u00edna, <\/span><\/span><\/span><span style=\"color: #000000;\"><span style=\"font-family: Times New Roman, serif;\"><span style=\"font-size: medium;\">que en<\/span><\/span><\/span><span style=\"color: #000000;\"><span style=\"font-family: Times New Roman, serif;\"><span style=\"font-size: medium;\"> este caso es el pollo. Inicie con <\/span><\/span><\/span><span style=\"color: #000000;\"><span style=\"font-family: Times New Roman, serif;\"><span style=\"font-size: medium;\">dos<\/span><\/span><\/span><span style=\"color: #000000;\"><span style=\"font-family: Times New Roman, serif;\"><span style=\"font-size: medium;\"> pollos, luego con 5 pollos. <\/span><\/span><\/span><span style=\"color: #000000;\"><span style=\"font-family: Times New Roman, serif;\"><span style=\"font-size: medium;\">A<\/span><\/span><\/span><span style=\"color: #000000;\"><span style=\"font-family: Times New Roman, serif;\"><span style=\"font-size: medium;\">dem\u00e1s de la formaci\u00f3n del Inces busque otras asesor\u00edas entre amigos y con <\/span><\/span><\/span><span style=\"color: #000000;\"><span style=\"font-family: Times New Roman, serif;\"><span style=\"font-size: medium;\">el <\/span><\/span><\/span><span style=\"color: #000000;\"><span style=\"font-family: Times New Roman, serif;\"><span style=\"font-size: medium;\"><b>Movimiento Somos Venezuela<\/b><\/span><\/span><\/span><span style=\"color: #000000;\"><span style=\"font-family: Times New Roman, serif;\"><span style=\"font-size: medium;\"> que hacen vida aqu\u00ed en la zona y desde la pr\u00e1ctica me orientaron\u201d, precis<\/span><\/span><\/span><span style=\"color: #000000;\"><span style=\"font-family: Times New Roman, serif;\"><span style=\"font-size: medium;\">\u00f3<\/span><\/span><\/span><span style=\"color: #000000;\"><span style=\"font-family: Times New Roman, serif;\"><span style=\"font-size: medium;\"> el emprendedor.<\/span><\/span><\/span><\/p>\n<p lang=\"es-VE\" align=\"justify\">\n<p lang=\"es-VE\" align=\"justify\"><span style=\"color: #000000;\"><span style=\"font-family: Times New Roman, serif;\"><span style=\"font-size: medium;\">Se pudo conocer que hasta un m\u00e1ximo de <\/span><\/span><\/span><span style=\"color: #000000;\"><span style=\"font-family: Times New Roman, serif;\"><span style=\"font-size: medium;\"><b>70 pollos ha tenido en el lugar, <\/b><\/span><\/span><\/span><span style=\"color: #000000;\"><span style=\"font-family: Times New Roman, serif;\"><span style=\"font-size: medium;\"><b>siempre<\/b><\/span><\/span><\/span><span style=\"color: #000000;\"><span style=\"font-family: Times New Roman, serif;\"><span style=\"font-size: medium;\"><b> de forma higi\u00e9nica y organizada \u201cles coloco su piso de 10 cent\u00edmetros de concha de arroz. <\/b><\/span><\/span><\/span><span style=\"color: #000000;\"><span style=\"font-family: Times New Roman, serif;\"><span style=\"font-size: medium;\">E<\/span><\/span><\/span><span style=\"color: #000000;\"><span style=\"font-family: Times New Roman, serif;\"><span style=\"font-size: medium;\">l lugar donde tengo los pollos es con paredes y techo de concreto sin fisuras ni goteras, totalmente seco, pero ventilado. <\/span><\/span><\/span><span style=\"color: #000000;\"><span style=\"font-family: Times New Roman, serif;\"><span style=\"font-size: medium;\">Es<\/span><\/span><\/span><span style=\"color: #000000;\"><span style=\"font-family: Times New Roman, serif;\"><span style=\"font-size: medium;\"> en lo que era el garaje de mi casa\u201d, agreg\u00f3 el emprendedor.<\/span><\/span><\/span><\/p>\n<p lang=\"es-VE\" align=\"justify\">\n<p lang=\"es-VE\" align=\"justify\"><span style=\"color: #000000;\"><span style=\"font-family: Times New Roman, serif;\"><span style=\"font-size: medium;\">Relata el joven productor que todo ha salido de \u201cmi propia inversi\u00f3n, empec\u00e9 con bebederos y comederos prestados luego yo mismo hice unos artesanales hasta que pude comprar los comederos que se requieren, yo mismo los crio, limpio el lugar y cuando es el tiempo los preparo y mato yo mismo para consumo familiar <\/span><\/span><\/span><span style=\"color: #000000;\"><span style=\"font-family: Times New Roman, serif;\"><span style=\"font-size: medium;\">y para la<\/span><\/span><\/span><span style=\"color: #000000;\"><span style=\"font-family: Times New Roman, serif;\"><span style=\"font-size: medium;\"> venta, a precios solidarios para mi comunidad\u201d.<\/span><\/span><\/span><\/p>\n<p lang=\"es-VE\" align=\"justify\">\n<p lang=\"es-VE\" align=\"justify\"><span style=\"color: #000000;\"><span style=\"font-family: Times New Roman, serif;\"><span style=\"font-size: medium;\">En la actualidad \u201c<\/span><\/span><\/span><span style=\"color: #000000;\"><span style=\"font-family: Times New Roman, serif;\"><span style=\"font-size: medium;\"><b>tengo 40 pollos y todo est\u00e1 higi\u00e9nico sin malos olores, de vista agradable<\/b><\/span><\/span><\/span><span style=\"color: #000000;\"><span style=\"font-family: Times New Roman, serif;\"><span style=\"font-size: medium;\"> eso lo creas t<\/span><\/span><\/span><span style=\"color: #000000;\"><span style=\"font-family: Times New Roman, serif;\"><span style=\"font-size: medium;\">\u00fa<\/span><\/span><\/span><span style=\"color: #000000;\"><span style=\"font-family: Times New Roman, serif;\"><span style=\"font-size: medium;\"> y se desmonta el clich\u00e9 o creencia que toda la casa va estar sucia. <\/span><\/span><\/span><span style=\"color: #000000;\"><span style=\"font-family: Times New Roman, serif;\"><span style=\"font-size: medium;\">S<\/span><\/span><\/span><span style=\"color: #000000;\"><span style=\"font-family: Times New Roman, serif;\"><span style=\"font-size: medium;\">i mi patio es de cemento fue la mejor idea que tuve, con organizaci\u00f3n todo es posible, sus comederos, el calor necesario con los bombillos, todo ubicado estrat\u00e9gicamente y sencillo. <\/span><\/span><\/span><span style=\"color: #000000;\"><span style=\"font-family: Times New Roman, serif;\"><span style=\"font-size: medium;\">M<\/span><\/span><\/span><span style=\"color: #000000;\"><span style=\"font-family: Times New Roman, serif;\"><span style=\"font-size: medium;\">e gusta mi negocio y lo atiendo con esmero\u201d, asegur\u00f3 el emprendedor<\/span><\/span><\/span><\/p>\n<p lang=\"es-VE\" align=\"justify\">\n<p lang=\"es-VE\" align=\"justify\"><span style=\"color: #000000;\"><span style=\"font-family: Times New Roman, serif;\"><span style=\"font-size: medium;\"><b>La formaci\u00f3n, factor determinante para iniciar un proyecto <\/b><\/span><\/span><\/span><\/p>\n<p lang=\"es-VE\" align=\"justify\"><span style=\"font-family: Times New Roman, serif;\"><span style=\"font-size: medium;\">Iniciar un proyecto o emprendimiento no es tarea sencilla. Se requiere conocimiento del \u00e1rea y contar con asesor\u00eda constante. Para que sea exitosa toda iniciativa de producci\u00f3n esta deber\u00eda partir de la necesidad local, y con el uso de una metodolog\u00eda apropiada lograr beneficiar la comunidad que la genera.<\/span><\/span><\/p>\n<p lang=\"es-VE\" align=\"justify\">\n<p lang=\"es-VE\" align=\"justify\"><span style=\"color: #000000;\"><span style=\"font-family: Times New Roman, serif;\"><span style=\"font-size: medium;\">En Venezuela son diversas las instituciones que ofrecen cursos de capacitaci\u00f3n <\/span><\/span><\/span><span style=\"color: #000000;\"><span style=\"font-family: Times New Roman, serif;\"><span style=\"font-size: medium;\">y<\/span><\/span><\/span><span style=\"color: #000000;\"><span style=\"font-family: Times New Roman, serif;\"><span style=\"font-size: medium;\"> que tienen diversos intereses en sus participantes, que van desde amplificar el curr\u00edculo profesional y acad\u00e9mico, <\/span><\/span><\/span><span style=\"color: #000000;\"><span style=\"font-family: Times New Roman, serif;\"><span style=\"font-size: medium;\">prepararse para <\/span><\/span><\/span><span style=\"color: #000000;\"><span style=\"font-family: Times New Roman, serif;\"><span style=\"font-size: medium;\">una<\/span><\/span><\/span><span style=\"color: #000000;\"><span style=\"font-family: Times New Roman, serif;\"><span style=\"font-size: medium;\"> opci\u00f3<\/span><\/span><\/span><span style=\"color: #000000;\"><span style=\"font-family: Times New Roman, serif;\"><span style=\"font-size: medium;\">n<\/span><\/span><\/span><span style=\"color: #000000;\"><span style=\"font-family: Times New Roman, serif;\"><span style=\"font-size: medium;\"> laboral o para iniciar un proyecto personal.<\/span><\/span><\/span><\/p>\n<p lang=\"es-VE\" align=\"justify\">\n<p lang=\"es-VE\" align=\"justify\"><span style=\"color: #000000;\"><span style=\"font-family: Times New Roman, serif;\"><span style=\"font-size: medium;\">En tal sentido, una de las instituciones de mayor trayectoria y reconocimiento en Venezuela <\/span><\/span><\/span><span style=\"color: #000000;\"><span style=\"font-family: Times New Roman, serif;\"><span style=\"font-size: medium;\">en lo que se refiere a <\/span><\/span><\/span><span style=\"color: #000000;\"><span style=\"font-family: Times New Roman, serif;\"><span style=\"font-size: medium;\">capacitaci\u00f3n y educaci\u00f3n t\u00e9cnica y laboral, con m\u00e1s de 60 a\u00f1os de trayectoria es el Inces, (Instituto Nacional de Capacitaci\u00f3n y Educaci\u00f3n Socialista), que de forma gratuita y de calidad ofrece diversos cursos y formaciones.<\/span><\/span><\/span><\/p>\n<p lang=\"es-VE\" align=\"justify\"><img loading=\"lazy\" decoding=\"async\" class=\"aligncenter wp-image-39255 size-large\" src=\"https:\/\/inces.gob.ve\/wp-content\/uploads\/2021\/07\/WILMER-MARTINEZ-EMPRENDEDOR-CON-SUS-POLLOS-1024x1016.jpg\" alt=\"\" width=\"640\" height=\"635\" srcset=\"https:\/\/inces.gob.ve\/wp-content\/uploads\/2021\/07\/WILMER-MARTINEZ-EMPRENDEDOR-CON-SUS-POLLOS-1024x1016.jpg 1024w, https:\/\/inces.gob.ve\/wp-content\/uploads\/2021\/07\/WILMER-MARTINEZ-EMPRENDEDOR-CON-SUS-POLLOS-300x298.jpg 300w, https:\/\/inces.gob.ve\/wp-content\/uploads\/2021\/07\/WILMER-MARTINEZ-EMPRENDEDOR-CON-SUS-POLLOS-150x150.jpg 150w, https:\/\/inces.gob.ve\/wp-content\/uploads\/2021\/07\/WILMER-MARTINEZ-EMPRENDEDOR-CON-SUS-POLLOS-768x762.jpg 768w, https:\/\/inces.gob.ve\/wp-content\/uploads\/2021\/07\/WILMER-MARTINEZ-EMPRENDEDOR-CON-SUS-POLLOS-1536x1524.jpg 1536w, https:\/\/inces.gob.ve\/wp-content\/uploads\/2021\/07\/WILMER-MARTINEZ-EMPRENDEDOR-CON-SUS-POLLOS-2048x2033.jpg 2048w\" sizes=\"auto, (max-width: 640px) 100vw, 640px\" \/><\/p>\n<p lang=\"es-VE\" align=\"justify\">\n<p lang=\"es-VE\" align=\"justify\"><span style=\"color: #000000;\"><span style=\"font-family: Times New Roman, serif;\"><span style=\"font-size: medium;\">El Inces tiene presencia en todo el pa\u00eds <\/span><\/span><\/span><span style=\"color: #000000;\"><span style=\"font-family: Times New Roman, serif;\"><span style=\"font-size: medium;\">gracias a su <\/span><\/span><\/span><span style=\"color: #000000;\"><span style=\"font-family: Times New Roman, serif;\"><span style=\"font-size: medium;\">Centros de <\/span><\/span><\/span><span style=\"color: #000000;\"><span style=\"font-family: Times New Roman, serif;\"><span style=\"font-size: medium;\">Formaci\u00f3n<\/span><\/span><\/span><span style=\"color: #000000;\"><span style=\"font-family: Times New Roman, serif;\"><span style=\"font-size: medium;\"> Socialista (CFS), que con un equipo de hombres y mujeres que laboran como maestros t\u00e9cnicos productivos (MTP), dan lo mejor de s\u00ed para ense\u00f1ar otros oficios y saberes, que ayudar\u00e1<\/span><\/span><\/span><span style=\"color: #000000;\"><span style=\"font-family: Times New Roman, serif;\"><span style=\"font-size: medium;\">n<\/span><\/span><\/span><span style=\"color: #000000;\"><span style=\"font-family: Times New Roman, serif;\"><span style=\"font-size: medium;\"> al participante a insertarse en el campo laboral desde un emprendimiento personal hasta grupal que se desarrolle desde la comunidad o en las entidades de trabajo.<\/span><\/span><\/span><\/p>\n<p lang=\"es-VE\" align=\"justify\">\n<p lang=\"es-VE\" align=\"justify\"><span style=\"color: #000000;\"><span style=\"font-family: Times New Roman, serif;\"><span style=\"font-size: medium;\"><b>El Inces un apoyo integral al emprededor<\/b><\/span><\/span><\/span><\/p>\n<p lang=\"es-VE\" align=\"justify\"><span style=\"color: #000000;\"><span style=\"font-family: Times New Roman, serif;\"><span style=\"font-size: medium;\">Y ahora en tiempos de pandemia <\/span><\/span><\/span><span style=\"color: #000000;\"><span style=\"font-family: Times New Roman, serif;\"><span style=\"font-size: medium;\">y <\/span><\/span><\/span><span style=\"color: #000000;\"><span style=\"font-family: Times New Roman, serif;\"><span style=\"font-size: medium;\">con las debidas medidas de bioseguridad, el Inces continua activo y formando desde sus CFS, las comunidades, las entidades de trabajo (empresas), adapt\u00e1ndose a otras nuevas formas de capacitaci\u00f3n, producci\u00f3n y de inserci\u00f3n laboral sin obviar el uso de las tecnolog\u00edas y redes sociales. <\/span><\/span><\/span><\/p>\n<p lang=\"es-VE\" align=\"justify\">\n<p lang=\"es-VE\" align=\"justify\"><span style=\"color: #000000;\"><span style=\"font-family: Times New Roman, serif;\"><span style=\"font-size: medium;\">En este contexto, <\/span><\/span><\/span><span style=\"color: #000000;\"><span style=\"font-family: Times New Roman, serif;\"><span style=\"font-size: medium;\">Mart\u00ednez destac\u00f3 que \u201ces el segundo curso que realizo en el Inces Carabobo y me ha servido para obtener un ingreso seguro y digno. <\/span><\/span><\/span><span style=\"color: #000000;\"><span style=\"font-family: Times New Roman, serif;\"><span style=\"font-size: medium;\">A<\/span><\/span><\/span><span style=\"color: #000000;\"><span style=\"font-family: Times New Roman, serif;\"><span style=\"font-size: medium;\">\u00f1os atr\u00e1s hice el curso de electricidad y luego este curso en el \u00e1rea agr\u00edcola y tengo planteado seguir form\u00e1ndome en el Inces con otros cursos como contabilidad, administraci\u00f3n, costos y as\u00ed administrar mejor mi negocio\u201d.<\/span><\/span><\/span><\/p>\n<p lang=\"es-VE\" align=\"justify\">\n<p lang=\"es-VE\" align=\"justify\"><span style=\"color: #000000;\"><span style=\"font-family: Times New Roman, serif;\"><span style=\"font-size: medium;\">El joven emprendedor agradeci\u00f3 primeramente a Dios a su familia por el apoyo, \u201ca la comunidad, el consejo comunal, el CLAP a los profesores <\/span><\/span><\/span><span style=\"color: #000000;\"><span style=\"font-family: Times New Roman, serif;\"><span style=\"font-size: medium;\">como<\/span><\/span><\/span><span style=\"color: #000000;\"><span style=\"font-family: Times New Roman, serif;\"><span style=\"font-size: medium;\"> Yorman Rosal; <\/span><\/span><\/span><span style=\"color: #000000;\"><span style=\"font-family: Times New Roman, serif;\"><span style=\"font-size: medium;\">al <\/span><\/span><\/span><span style=\"color: #000000;\"><span style=\"font-family: Times New Roman, serif;\"><span style=\"font-size: medium;\">gerente regional del Inces Carabobo; a Rosendo Yllarramendi, jefe del CFS Rafael Urdaneta, a mi formador y a Somos Venezuela\u201d. <\/span><\/span><\/span><\/p>\n<p lang=\"es-VE\" align=\"justify\">\n<p lang=\"es-VE\" align=\"justify\"><span style=\"color: #000000;\"><span style=\"font-family: Times New Roman, serif;\"><span style=\"font-size: medium;\">Durante la entrevista realizada al emprendedor carabobe\u00f1o, este indic\u00d3 que le <\/span><\/span><\/span><span style=\"color: #000000;\"><span style=\"font-family: Times New Roman, serif;\"><span style=\"font-size: medium;\">gustar\u00eda participar en un programa de financiamiento o cr\u00e9dito para ampliar <\/span><\/span><\/span><span style=\"color: #000000;\"><span style=\"font-family: Times New Roman, serif;\"><span style=\"font-size: medium;\">su <\/span><\/span><\/span><span style=\"color: #000000;\"><span style=\"font-family: Times New Roman, serif;\"><span style=\"font-size: medium;\">emprendimiento <\/span><\/span><\/span><span style=\"color: #000000;\"><span style=\"font-family: Times New Roman, serif;\"><span style=\"font-size: medium;\">y continuar as\u00ed apoyando a su familia y a su comunidad<\/span><\/span><\/span><span style=\"color: #000000;\"><span style=\"font-family: Times New Roman, serif;\"><span style=\"font-size: medium;\">.<\/span><\/span><\/span><\/p>\n","protected":false},"excerpt":{"rendered":"<p>** El joven Wilmer Mart\u00ednez, luego de su formaci\u00f3n con el Inces Carabobo, inici\u00f3 este proyecto que beneficia a su familia y a la comunidad<\/p>\n","protected":false},"author":4,"featured_media":39256,"comment_status":"closed","ping_status":"closed","sticky":false,"template":"","format":"standard","meta":{"footnotes":""},"categories":[2],"tags":[],"class_list":["post-39254","post","type-post","status-publish","format-standard","has-post-thumbnail","hentry","category-blog"],"_links":{"self":[{"href":"https:\/\/inces.gob.ve\/index.php\/wp-json\/wp\/v2\/posts\/39254","targetHints":{"allow":["GET"]}}],"collection":[{"href":"https:\/\/inces.gob.ve\/index.php\/wp-json\/wp\/v2\/posts"}],"about":[{"href":"https:\/\/inces.gob.ve\/index.php\/wp-json\/wp\/v2\/types\/post"}],"author":[{"embeddable":true,"href":"https:\/\/inces.gob.ve\/index.php\/wp-json\/wp\/v2\/users\/4"}],"replies":[{"embeddable":true,"href":"https:\/\/inces.gob.ve\/index.php\/wp-json\/wp\/v2\/comments?post=39254"}],"version-history":[{"count":1,"href":"https:\/\/inces.gob.ve\/index.php\/wp-json\/wp\/v2\/posts\/39254\/revisions"}],"predecessor-version":[{"id":39258,"href":"https:\/\/inces.gob.ve\/index.php\/wp-json\/wp\/v2\/posts\/39254\/revisions\/39258"}],"wp:featuredmedia":[{"embeddable":true,"href":"https:\/\/inces.gob.ve\/index.php\/wp-json\/wp\/v2\/media\/39256"}],"wp:attachment":[{"href":"https:\/\/inces.gob.ve\/index.php\/wp-json\/wp\/v2\/media?parent=39254"}],"wp:term":[{"taxonomy":"category","embeddable":true,"href":"https:\/\/inces.gob.ve\/index.php\/wp-json\/wp\/v2\/categories?post=39254"},{"taxonomy":"post_tag","embeddable":true,"href":"https:\/\/inces.gob.ve\/index.php\/wp-json\/wp\/v2\/tags?post=39254"}],"curies":[{"name":"wp","href":"https:\/\/api.w.org\/{rel}","templated":true}]}}