{"id":39282,"date":"2021-07-20T07:44:21","date_gmt":"2021-07-20T11:44:21","guid":{"rendered":"https:\/\/inces.gob.ve\/?p=39282"},"modified":"2021-07-20T10:44:06","modified_gmt":"2021-07-20T14:44:06","slug":"trujillo-inces-caracterizo-a-la-comuna-conrado-monaca","status":"publish","type":"post","link":"https:\/\/inces.gob.ve\/index.php\/2021\/07\/20\/trujillo-inces-caracterizo-a-la-comuna-conrado-monaca\/","title":{"rendered":"TRUJILLO Inces caracteriz\u00f3 a la comuna \u201cConrado Monaca\u201d"},"content":{"rendered":"<p><span style=\"font-size: 14pt;\"><i><b><span style=\"font-family: Liberation Serif, serif;\">** En la jornada de sensibilizaci\u00f3n sobre certificaci\u00f3n y acreditaci\u00f3n de saberes se caracterizaron <\/span><span style=\"font-family: Liberation Serif, serif;\">cerca de <\/span><span style=\"font-family: Liberation Serif, serif;\">63 personas, en diferentes oficios, para un total de 117 certificaciones<\/span><\/b><\/i><\/span><!--more--><\/p>\n<p>&nbsp;<\/p>\n<p><span style=\"font-size: 14pt;\"><b>MAR\u00cdA CABRERA <\/b><\/span><\/p>\n<p align=\"justify\"><span style=\"font-size: 14pt;\"><span style=\"font-family: Liberation Serif, serif;\">Una valiosa jornada <\/span><span style=\"font-family: Liberation Serif, serif;\">de <\/span><span style=\"font-family: Liberation Serif, serif;\">sensibilizaci\u00f3n para iniciar un proceso de certificaci\u00f3n y acreditaci\u00f3n de saberes se desarroll\u00f3 en la <\/span><span style=\"font-family: Liberation Serif, serif;\">c<\/span><span style=\"font-family: Liberation Serif, serif;\">omuna \u201cConrado Monaca\u201d y sus sectores aleda\u00f1os como parte del relanzamiento de la Gran Misi\u00f3n Barrio Nuevo Barrio Tricolor en la entidad trujillana, inform\u00f3 Ang\u00e9lica Mor\u00f3n Aldana, gerente regional del Inces Trujillo.<\/span><\/span><\/p>\n<p align=\"justify\">\n<p align=\"justify\"><span style=\"font-family: Liberation Serif, serif; font-size: 14pt;\">La actividad se desarroll\u00f3 en las primeras horas, momento que sirvi\u00f3 para que gente que no fue citada al lugar, pero que acudi\u00f3 llevada por la curiosidad que gener\u00f3 la presencia del Inces Trujillo, escuch\u00f3 detenidamente la informaci\u00f3n que la Gerencia Regional imparti\u00f3 a los asistentes, en su mayor\u00eda gente joven, con experiencia en oficios emp\u00edricos de conocida trayectoria del sector.<\/span><\/p>\n<p align=\"justify\">\n<p align=\"justify\"><span style=\"font-family: Liberation Serif, serif; font-size: 14pt;\">El Inces Trujillo tiene una participaci\u00f3n importante con el desarrollo del tercer v\u00e9rtice del relanzamiento de Barrrio Nuevo, Barrio Tricolor, que ser\u00e1 el encargado de evaluar y certificar los saberes de los alba\u00f1iles, plomeros, electricista, mec\u00e1nicos, soldadores y otras \u00e1reas del conocimiento que se presentan en la comunidad.<\/span><\/p>\n<p align=\"justify\">\n<p align=\"justify\"><span style=\"font-family: Liberation Serif, serif; font-size: 14pt;\">En la jornada de sensibilizaci\u00f3n que dio inicio a este proceso de certificaci\u00f3n y acreditaci\u00f3n de saberes fueron caracterizadas 63 personas, en diferentes oficios, para un total de 117 certificaciones, lo cual no deja duda de la capacidad y de lo bien posicionado que est\u00e1 este organismo nacional entre la comunidad, lo cual se ve reflejado en las fotograf\u00edas que sirven de apoyo a este escrito.<\/span><\/p>\n<p align=\"justify\">\n<p align=\"justify\"><span style=\"font-family: Liberation Serif, serif; font-size: 14pt;\">De esta alianza interinstitucional entre organismos del Estado y la comunidad, surgi\u00f3 la idea de fabricar 20 mesas sillas para ser asignadas al liceo \u201cErnesto Guevara\u201d.<\/span><\/p>\n<p align=\"justify\">\n<p align=\"justify\"><span style=\"font-family: Liberation Serif, serif; font-size: 14pt;\">Es importante destacar que durante el proceso de caracterizaci\u00f3n se acord\u00f3 activar en la comunidad cinco opciones formativas en el motor Turismo e Industria con las que se les estar\u00e1 dando cumplimiento al trabajo establecido por el presidente de la Rep\u00fablica, el cual se desarrolla bajo la direcci\u00f3n de Wuikelman Angel, presidente del Inces y de la gerente regional de Trujillo, Ang\u00e9lica Mor\u00f3n.<\/span><\/p>\n","protected":false},"excerpt":{"rendered":"<p>** En la jornada de sensibilizaci\u00f3n sobre certificaci\u00f3n y acreditaci\u00f3n de saberes se caracterizaron cerca de 63 personas, en diferentes oficios, para un total de 117 certificaciones<\/p>\n","protected":false},"author":4,"featured_media":39284,"comment_status":"closed","ping_status":"closed","sticky":false,"template":"","format":"standard","meta":{"footnotes":""},"categories":[2],"tags":[],"class_list":["post-39282","post","type-post","status-publish","format-standard","has-post-thumbnail","hentry","category-blog"],"_links":{"self":[{"href":"https:\/\/inces.gob.ve\/index.php\/wp-json\/wp\/v2\/posts\/39282","targetHints":{"allow":["GET"]}}],"collection":[{"href":"https:\/\/inces.gob.ve\/index.php\/wp-json\/wp\/v2\/posts"}],"about":[{"href":"https:\/\/inces.gob.ve\/index.php\/wp-json\/wp\/v2\/types\/post"}],"author":[{"embeddable":true,"href":"https:\/\/inces.gob.ve\/index.php\/wp-json\/wp\/v2\/users\/4"}],"replies":[{"embeddable":true,"href":"https:\/\/inces.gob.ve\/index.php\/wp-json\/wp\/v2\/comments?post=39282"}],"version-history":[{"count":2,"href":"https:\/\/inces.gob.ve\/index.php\/wp-json\/wp\/v2\/posts\/39282\/revisions"}],"predecessor-version":[{"id":39296,"href":"https:\/\/inces.gob.ve\/index.php\/wp-json\/wp\/v2\/posts\/39282\/revisions\/39296"}],"wp:featuredmedia":[{"embeddable":true,"href":"https:\/\/inces.gob.ve\/index.php\/wp-json\/wp\/v2\/media\/39284"}],"wp:attachment":[{"href":"https:\/\/inces.gob.ve\/index.php\/wp-json\/wp\/v2\/media?parent=39282"}],"wp:term":[{"taxonomy":"category","embeddable":true,"href":"https:\/\/inces.gob.ve\/index.php\/wp-json\/wp\/v2\/categories?post=39282"},{"taxonomy":"post_tag","embeddable":true,"href":"https:\/\/inces.gob.ve\/index.php\/wp-json\/wp\/v2\/tags?post=39282"}],"curies":[{"name":"wp","href":"https:\/\/api.w.org\/{rel}","templated":true}]}}