{"id":39302,"date":"2021-07-21T07:37:26","date_gmt":"2021-07-21T11:37:26","guid":{"rendered":"https:\/\/inces.gob.ve\/?p=39302"},"modified":"2021-07-21T07:46:15","modified_gmt":"2021-07-21T11:46:15","slug":"39302","status":"publish","type":"post","link":"https:\/\/inces.gob.ve\/index.php\/2021\/07\/21\/39302\/","title":{"rendered":"ARAGUA | Habitantes de Santiago Mari\u00f1o certificaron sus saberes"},"content":{"rendered":"<p style=\"text-align: justify;\" align=\"justify\"><span style=\"font-size: 14pt;\"><i><b>** Los oficios certificados fueron del \u00e1rea agr\u00edcola, aunado a otros como administraci\u00f3n y peluquer\u00eda<\/b><\/i><\/span><!--more--><\/p>\n<p style=\"text-align: justify;\" align=\"justify\"><strong><span style=\"font-size: 14pt;\">ROD\u00cdN BUSTILLOS<\/span><\/strong><\/p>\n<p style=\"text-align: justify;\" align=\"justify\"><span style=\"font-size: 14pt;\">El Inces Aragua realiz\u00f3 una jornada de certificaci\u00f3n de saberes en distintas comunidades del municipio Santiago Mari\u00f1o: \u00abLa Trinitaria\u00bb, \u00abLa Casona\u00bb y el sector de la Macarena en Turmero, espacio donde se culmin\u00f3 con la entrega de 125 certificaciones de diferentes oficios.<\/span><\/p>\n<p align=\"justify\">\n<p style=\"text-align: justify;\" align=\"justify\"><span style=\"font-size: 14pt;\">As\u00ed lo dio a conocer Mar\u00eda Jos\u00e9 D\u00edaz, jefa del centro de formaci\u00f3n socialista (CFS) Agr\u00edcola Escuela de Formaci\u00f3n Agr\u00edcola (EPA), quien inform\u00f3 que durante esta jornada de certificaci\u00f3n los emprendedores presentaron y mostraron sus saberes emp\u00edricos y conocimientos del oficio.<\/span><\/p>\n<p align=\"justify\">\n<p style=\"text-align: justify;\" align=\"justify\"><span style=\"font-size: 14pt;\">Inform\u00f3 D\u00edaz que los saberes emp\u00edricos evaluados fueron en el \u00e1rea de administraci\u00f3n, peluquer\u00eda y sector agr\u00edcola, gracias al trabajo de los maestros t\u00e9cnicos productivos (MTP) Justo Mogoll\u00f3n, Maribel Cervantes, Merly Lara y Marianny Jaramillo.<\/span><\/p>\n<p align=\"justify\">\n<p style=\"text-align: justify;\" align=\"justify\"><span style=\"font-size: 14pt;\">Durante este proceso de certificaci\u00f3n de saberes emp\u00edricos se realiz\u00f3 el llenado de los instrumentos de evaluaci\u00f3n y a trav\u00e9s de la Unidad de Control de Estudios se procede a verificar esas evaluaciones para posteriormente llegar a las certificaciones del saber del pueblo venezolano.<\/span><\/p>\n<p align=\"justify\">\n<p style=\"text-align: justify;\" align=\"justify\"><span style=\"font-size: 14pt;\">Se\u00f1al\u00f3 D\u00edaz, que la instituci\u00f3n juega un papel importante en la formaci\u00f3n. \u00abEl Inces cuenta con especialistas en diferentes \u00e1reas desde lo agr\u00edcola hasta lo comercial, y por ello, que se requiere de la especializaci\u00f3n de cada MTP, junto a los participantes en cualquier oficio y la instituci\u00f3n a trav\u00e9s de un personal especializado va a las comunidades para orientarlos en la Formaci\u00f3n T\u00e9cnica Profesional\u00bb.<\/span><\/p>\n<p align=\"justify\">\n<p style=\"text-align: justify;\" align=\"justify\"><span style=\"font-size: 14pt;\">Inform\u00f3 D\u00edaz que la finalidad es orientar a la poblaci\u00f3n en la formaci\u00f3n. \u00abUna vez que obtenga la certificaci\u00f3n puede ser maestro t\u00e9cnico voluntario, (MTV) y organizarse para conformarse en Unidades Producci\u00f3n Familiar, (UPF ), en lo territorial a trav\u00e9s de las comunas para el beneficio social del trabajo\u00bb acot\u00f3 D\u00edaz.<\/span><\/p>\n<p align=\"justify\">\n<p style=\"text-align: justify;\" align=\"justify\"><span style=\"font-size: 14pt;\">Por \u00faltimo hizo un llamado a la poblaci\u00f3n arag\u00fce\u00f1a en participar en todos los procesos formativos de la instituci\u00f3n: \u00abJugamos un papel fundamental como orientadores y acompa\u00f1antes en el conocimiento de cada participante, porque tenemos el compromiso con el pa\u00eds, y en este proceso de formaci\u00f3n t\u00e9cnica profesional, que nos ha permitido, producir formando y formamos produciendo\u00bb, manifest\u00f3 D\u00edaz.<\/span><\/p>\n","protected":false},"excerpt":{"rendered":"<p>** Los oficios certificados fueron del \u00e1rea agr\u00edcola, aunado a otros como administraci\u00f3n y peluquer\u00eda<\/p>\n","protected":false},"author":4,"featured_media":39303,"comment_status":"closed","ping_status":"closed","sticky":false,"template":"","format":"standard","meta":{"footnotes":""},"categories":[2],"tags":[],"class_list":["post-39302","post","type-post","status-publish","format-standard","has-post-thumbnail","hentry","category-blog"],"_links":{"self":[{"href":"https:\/\/inces.gob.ve\/index.php\/wp-json\/wp\/v2\/posts\/39302","targetHints":{"allow":["GET"]}}],"collection":[{"href":"https:\/\/inces.gob.ve\/index.php\/wp-json\/wp\/v2\/posts"}],"about":[{"href":"https:\/\/inces.gob.ve\/index.php\/wp-json\/wp\/v2\/types\/post"}],"author":[{"embeddable":true,"href":"https:\/\/inces.gob.ve\/index.php\/wp-json\/wp\/v2\/users\/4"}],"replies":[{"embeddable":true,"href":"https:\/\/inces.gob.ve\/index.php\/wp-json\/wp\/v2\/comments?post=39302"}],"version-history":[{"count":2,"href":"https:\/\/inces.gob.ve\/index.php\/wp-json\/wp\/v2\/posts\/39302\/revisions"}],"predecessor-version":[{"id":39309,"href":"https:\/\/inces.gob.ve\/index.php\/wp-json\/wp\/v2\/posts\/39302\/revisions\/39309"}],"wp:featuredmedia":[{"embeddable":true,"href":"https:\/\/inces.gob.ve\/index.php\/wp-json\/wp\/v2\/media\/39303"}],"wp:attachment":[{"href":"https:\/\/inces.gob.ve\/index.php\/wp-json\/wp\/v2\/media?parent=39302"}],"wp:term":[{"taxonomy":"category","embeddable":true,"href":"https:\/\/inces.gob.ve\/index.php\/wp-json\/wp\/v2\/categories?post=39302"},{"taxonomy":"post_tag","embeddable":true,"href":"https:\/\/inces.gob.ve\/index.php\/wp-json\/wp\/v2\/tags?post=39302"}],"curies":[{"name":"wp","href":"https:\/\/api.w.org\/{rel}","templated":true}]}}