{"id":39339,"date":"2021-07-23T07:16:52","date_gmt":"2021-07-23T11:16:52","guid":{"rendered":"https:\/\/inces.gob.ve\/?p=39339"},"modified":"2021-07-23T07:16:52","modified_gmt":"2021-07-23T11:16:52","slug":"aragua-no-hay-pandemia-que-detenga-al-motor-servicios","status":"publish","type":"post","link":"https:\/\/inces.gob.ve\/index.php\/2021\/07\/23\/aragua-no-hay-pandemia-que-detenga-al-motor-servicios\/","title":{"rendered":"ARAGUA | No hay pandemia que detenga al motor servicios"},"content":{"rendered":"<p align=\"justify\"><span style=\"font-family: ARial, sans-serif;\"><span style=\"font-size: large;\"><i><b>** Los cursos de peluquer\u00eda y barber\u00eda tienen como prop\u00f3sito que el estudiante conozca, comprenda y aplique una serie de t\u00e9cnicas y estrategias asociadas con el ofrecimiento de servicios est\u00e9ticos<\/b><\/i><\/span><\/span><!--more--><\/p>\n<p align=\"justify\">\n<p align=\"justify\"><span style=\"font-family: ARial, sans-serif;\"><span style=\"font-size: large;\"><b>NINOSKA PATRIZ <\/b><\/span><\/span><\/p>\n<p align=\"justify\"><span style=\"font-family: ARial, sans-serif;\">En entrevista telef\u00f3nica, conversamos con la profesora Melania Ramirez. <b>Desde el motor servicios la maestra t\u00e9cnica productiva (MTP) nos coment\u00f3 los avances <\/b><b>en <\/b><b>su \u00e1rea: <\/b><b>Barber<\/b><b>\u00ed<\/b><b>a y Peluquer\u00eda.<\/b> Actualmente cuenta con dos cursos activos, conformados por 20 participantes cada uno.<\/span><\/p>\n<p align=\"justify\">\n<p align=\"justify\"><span style=\"font-family: ARial, sans-serif;\"><b>En su <\/b><b>especialidad<\/b><b> se han realizado hasta la fecha 35 certificaciones, <\/b><b>que incluyen corte de cabello tanto para hombres como para mujeres, colorimetr\u00eda, afeitado, depilado, manicure y pedicure<\/b><b>.<\/b> En el mismo orden de ideas, se destaca que la MTP, tambi\u00e9n dicta los cursos de Seguridad e Higiene, Atenci\u00f3n al P\u00fablico y Relaciones Humanas. Su objetivo es formar de manera integral tanto a j\u00f3venes como a adultos, desde el centro de formaci\u00f3n socialista (CFS) Comercial Maracay.<\/span><\/p>\n<p align=\"justify\">\n<p align=\"justify\"><span style=\"font-family: ARial, sans-serif;\"><b>Entre sus an\u00e9cdotas nos explic\u00f3 que inclusive <\/b><b>p<\/b><b>rofesionales se forman junto a ella, pues estos cursos son una alternativa m\u00e1s de trabajo y nuevos horizontes para sumar ingresos. La duraci\u00f3n de las formaciones es bastante corta.<\/b> Al respecto, Ram\u00edrez destaca que en dos meses los participantes salen al mercado de trabajo con excelentes oportunidades para la obtenci\u00f3n de recursos propios. \u201cLa actividad es f\u00e1cil de aprender, una vez que tienen los conocimientos elementales\u201d, nos indic\u00f3 la MTP. <\/span><\/p>\n<p align=\"justify\">\n<p align=\"justify\"><span style=\"font-family: ARial, sans-serif;\">Por su parte, el participante Alejandro Rodr\u00edguez nos coment\u00f3: \u201cLa verdad estoy muy conforme. La informaci\u00f3n que recibimos es muy detallada. Se nota que los maestros son muy espec\u00edficos en sus indicaciones. <b>La calidad con la cual aprendemos no tiene nada que envidiarle al sector <\/b><b>internacional.<\/b> Adem\u00e1s, trabajan con las \u00faltimas tendencias, siempre nos recomiendan excelentes productos y las mejores herramientas de trabajo\u201d.<\/span><\/p>\n","protected":false},"excerpt":{"rendered":"<p>** Los cursos de peluquer\u00eda y barber\u00eda tienen como prop\u00f3sito que el estudiante conozca, comprenda y aplique una serie de t\u00e9cnicas y estrategias asociadas con el ofrecimiento de servicios est\u00e9ticos<\/p>\n","protected":false},"author":4,"featured_media":39340,"comment_status":"closed","ping_status":"closed","sticky":false,"template":"","format":"standard","meta":{"footnotes":""},"categories":[2],"tags":[],"class_list":["post-39339","post","type-post","status-publish","format-standard","has-post-thumbnail","hentry","category-blog"],"_links":{"self":[{"href":"https:\/\/inces.gob.ve\/index.php\/wp-json\/wp\/v2\/posts\/39339","targetHints":{"allow":["GET"]}}],"collection":[{"href":"https:\/\/inces.gob.ve\/index.php\/wp-json\/wp\/v2\/posts"}],"about":[{"href":"https:\/\/inces.gob.ve\/index.php\/wp-json\/wp\/v2\/types\/post"}],"author":[{"embeddable":true,"href":"https:\/\/inces.gob.ve\/index.php\/wp-json\/wp\/v2\/users\/4"}],"replies":[{"embeddable":true,"href":"https:\/\/inces.gob.ve\/index.php\/wp-json\/wp\/v2\/comments?post=39339"}],"version-history":[{"count":1,"href":"https:\/\/inces.gob.ve\/index.php\/wp-json\/wp\/v2\/posts\/39339\/revisions"}],"predecessor-version":[{"id":39341,"href":"https:\/\/inces.gob.ve\/index.php\/wp-json\/wp\/v2\/posts\/39339\/revisions\/39341"}],"wp:featuredmedia":[{"embeddable":true,"href":"https:\/\/inces.gob.ve\/index.php\/wp-json\/wp\/v2\/media\/39340"}],"wp:attachment":[{"href":"https:\/\/inces.gob.ve\/index.php\/wp-json\/wp\/v2\/media?parent=39339"}],"wp:term":[{"taxonomy":"category","embeddable":true,"href":"https:\/\/inces.gob.ve\/index.php\/wp-json\/wp\/v2\/categories?post=39339"},{"taxonomy":"post_tag","embeddable":true,"href":"https:\/\/inces.gob.ve\/index.php\/wp-json\/wp\/v2\/tags?post=39339"}],"curies":[{"name":"wp","href":"https:\/\/api.w.org\/{rel}","templated":true}]}}