{"id":39355,"date":"2021-07-26T18:26:33","date_gmt":"2021-07-26T22:26:33","guid":{"rendered":"https:\/\/inces.gob.ve\/?p=39355"},"modified":"2021-07-26T18:26:33","modified_gmt":"2021-07-26T22:26:33","slug":"aragua-centro-de-formacion-cagua-inicio-el-curso-panificacion-domestica","status":"publish","type":"post","link":"https:\/\/inces.gob.ve\/index.php\/2021\/07\/26\/aragua-centro-de-formacion-cagua-inicio-el-curso-panificacion-domestica\/","title":{"rendered":"ARAGUA | Centro de formaci\u00f3n Cagua inici\u00f3 el curso Panificaci\u00f3n Dom\u00e9stica"},"content":{"rendered":"<p><span style=\"font-size: 14pt;\"><i><b>** 24 participantes perteneciente a la Misi\u00f3n Hogares de la Patria, del movimiento \u00abEulalia Buroz\u00bb se forman desde la educaci\u00f3n t\u00e9cnica profesional<\/b><\/i><\/span><!--more--><\/p>\n<p>&nbsp;<\/p>\n<p><span style=\"font-size: 14pt;\"><b>ROD\u00cdN BUSTILLOS<\/b><\/span><\/p>\n<p><span style=\"font-size: 14pt;\">El maestro t\u00e9cnico productivo (MTP), Ronmel Alfaro, en el espacio de formaci\u00f3n ubicado en la casa comunal del sector Barrancon, en Cagua, realiza pr\u00e1cticas en peque\u00f1os grupos.<\/span><\/p>\n<p>&nbsp;<\/p>\n<p><span style=\"font-size: 14pt;\">\u00abHoy estamos elaborando panes dulces y salados con la presencia de 24 participantes, pertenecientes al movimiento \u00abEulalia Buroz\u00bb. Los estamos formando desde el punto de vista de una educaci\u00f3n liberadora y para el trabajo\u00bb, acot\u00f3 Alfaro.<\/span><\/p>\n<p>&nbsp;<\/p>\n<p><span style=\"font-size: 14pt;\">Se\u00f1al\u00f3 Alfaro que el Inces, desde la visi\u00f3n de una educaci\u00f3n integral t\u00e9cnica profesional y productiva, imparte esta ense\u00f1anza: \u00abA trav\u00e9s de peque\u00f1os grupos, estamos dictando clases, respetando y cumpliendo las normas de bioseguridad contra el COVID-19\u00bb, manifest\u00f3 Alfaro.<\/span><\/p>\n","protected":false},"excerpt":{"rendered":"<p>** 24 participantes perteneciente a la Misi\u00f3n Hogares de la Patria, del movimiento \u00abEulalia Buroz\u00bb se forman desde la educaci\u00f3n t\u00e9cnica profesional<\/p>\n","protected":false},"author":4,"featured_media":39356,"comment_status":"closed","ping_status":"closed","sticky":false,"template":"","format":"standard","meta":{"footnotes":""},"categories":[2],"tags":[],"class_list":["post-39355","post","type-post","status-publish","format-standard","has-post-thumbnail","hentry","category-blog"],"_links":{"self":[{"href":"https:\/\/inces.gob.ve\/index.php\/wp-json\/wp\/v2\/posts\/39355","targetHints":{"allow":["GET"]}}],"collection":[{"href":"https:\/\/inces.gob.ve\/index.php\/wp-json\/wp\/v2\/posts"}],"about":[{"href":"https:\/\/inces.gob.ve\/index.php\/wp-json\/wp\/v2\/types\/post"}],"author":[{"embeddable":true,"href":"https:\/\/inces.gob.ve\/index.php\/wp-json\/wp\/v2\/users\/4"}],"replies":[{"embeddable":true,"href":"https:\/\/inces.gob.ve\/index.php\/wp-json\/wp\/v2\/comments?post=39355"}],"version-history":[{"count":1,"href":"https:\/\/inces.gob.ve\/index.php\/wp-json\/wp\/v2\/posts\/39355\/revisions"}],"predecessor-version":[{"id":39357,"href":"https:\/\/inces.gob.ve\/index.php\/wp-json\/wp\/v2\/posts\/39355\/revisions\/39357"}],"wp:featuredmedia":[{"embeddable":true,"href":"https:\/\/inces.gob.ve\/index.php\/wp-json\/wp\/v2\/media\/39356"}],"wp:attachment":[{"href":"https:\/\/inces.gob.ve\/index.php\/wp-json\/wp\/v2\/media?parent=39355"}],"wp:term":[{"taxonomy":"category","embeddable":true,"href":"https:\/\/inces.gob.ve\/index.php\/wp-json\/wp\/v2\/categories?post=39355"},{"taxonomy":"post_tag","embeddable":true,"href":"https:\/\/inces.gob.ve\/index.php\/wp-json\/wp\/v2\/tags?post=39355"}],"curies":[{"name":"wp","href":"https:\/\/api.w.org\/{rel}","templated":true}]}}