{"id":39421,"date":"2021-07-30T11:16:58","date_gmt":"2021-07-30T15:16:58","guid":{"rendered":"https:\/\/inces.gob.ve\/?p=39421"},"modified":"2021-07-30T11:16:58","modified_gmt":"2021-07-30T15:16:58","slug":"cojedes-jovenes-de-tinaquillo-inician-curso-de-reparacion-de-celulares","status":"publish","type":"post","link":"https:\/\/inces.gob.ve\/index.php\/2021\/07\/30\/cojedes-jovenes-de-tinaquillo-inician-curso-de-reparacion-de-celulares\/","title":{"rendered":"COJEDES | J\u00f3venes de Tinaquillo inician curso de reparaci\u00f3n de celulares"},"content":{"rendered":"<p style=\"text-align: justify;\"><span style=\"font-size: 14pt;\"><strong>** <\/strong><em>El aprendizaje estar\u00e1 enfocado en el desarrollo de sus capacidades para la prestaci\u00f3n de servicios \u00a0<\/em><\/span><!--more--><\/p>\n<p style=\"text-align: justify;\">\n<p style=\"text-align: justify;\"><span style=\"font-size: 14pt;\"><strong>PRENSA INCES COJEDES<\/strong><\/span><\/p>\n<p style=\"text-align: justify;\"><span style=\"font-size: 14pt;\">El centro de formaci\u00f3n socialista \u201cBatalla Taguanes\u201d en el municipio Tinaquillo, recibi\u00f3 a un grupo de j\u00f3venes que se inician en la formaci\u00f3n del curso de reparaci\u00f3n de celulares.\u00a0 En el recibimiento estuvo presente el coordinador Eduar Ortega y el maestro t\u00e9cnico productivo voluntario, Rub\u00e9n Brizuela, quienes dirigieron palabras de motivaci\u00f3n por la constancia e inter\u00e9s demostrada durante el proceso de inscripci\u00f3n.<\/span><\/p>\n<p>&nbsp;<\/p>\n<p style=\"text-align: justify;\"><span style=\"font-size: 14pt;\">Por su parte, Ortega se refiri\u00f3 a que una vez m\u00e1s el centro de formaci\u00f3n est\u00e1 \u00a0dando respuesta a la nuestra juventud\u00a0 que ha estado pendiente del inicio del curso de reparaci\u00f3n de celulares. \u201cEste oficio les va permitir socializar junto al maestro\u00a0 el funcionamiento b\u00e1sico del celular, aspectos de electr\u00f3nica, el uso de herramientas y por supuesto lo relacionado a los fundamentos hist\u00f3ricos\u201d.<\/span><\/p>\n<p>&nbsp;<\/p>\n<p style=\"text-align: justify;\"><span style=\"font-size: 14pt;\">El participante, Oscar Pe\u00f1a, de manera muy optimista indic\u00f3 \u201ccomo joven buscamos la manera de aprender un oficio para aprovechar el tiempo y a la vez para buscar la manera de generar ingresos. Este curso lo visualiz\u00f3 desde el punto de vista de iniciarme con la prestaci\u00f3n de servicios t\u00e9cnicos ya que me apasiona la electr\u00f3nica y los celulares son dispositivos de mucha utilidad para muchas personas para comunicarse en esta era tecnol\u00f3gica\u201d.<\/span><\/p>\n<p>&nbsp;<\/p>\n<p style=\"text-align: justify;\"><span style=\"font-size: 14pt;\">El curso tendr\u00e1 una duraci\u00f3n de 30 horas acad\u00e9micas, con un contenido te\u00f3rico pr\u00e1ctico, el cual contar\u00e1 con el m\u00f3dulo de higiene y seguridad que les permitir\u00e1 aprender de manera ordenada realizar el debido procedimiento al utilizar herramientas al realizar cualquier \u00a0ajuste, revisi\u00f3n o reparaci\u00f3n del equipo; as\u00ed como tambi\u00e9n la protecci\u00f3n que deben tener al manipular el m\u00f3vil o celular\u201d, indic\u00f3 el maestro Brizuela.<\/span><\/p>\n","protected":false},"excerpt":{"rendered":"<p>** El aprendizaje estar\u00e1 enfocado en el desarrollo de sus capacidades para la prestaci\u00f3n de servicios \u00a0<\/p>\n","protected":false},"author":4,"featured_media":39422,"comment_status":"closed","ping_status":"closed","sticky":false,"template":"","format":"standard","meta":{"footnotes":""},"categories":[2],"tags":[],"class_list":["post-39421","post","type-post","status-publish","format-standard","has-post-thumbnail","hentry","category-blog"],"_links":{"self":[{"href":"https:\/\/inces.gob.ve\/index.php\/wp-json\/wp\/v2\/posts\/39421","targetHints":{"allow":["GET"]}}],"collection":[{"href":"https:\/\/inces.gob.ve\/index.php\/wp-json\/wp\/v2\/posts"}],"about":[{"href":"https:\/\/inces.gob.ve\/index.php\/wp-json\/wp\/v2\/types\/post"}],"author":[{"embeddable":true,"href":"https:\/\/inces.gob.ve\/index.php\/wp-json\/wp\/v2\/users\/4"}],"replies":[{"embeddable":true,"href":"https:\/\/inces.gob.ve\/index.php\/wp-json\/wp\/v2\/comments?post=39421"}],"version-history":[{"count":1,"href":"https:\/\/inces.gob.ve\/index.php\/wp-json\/wp\/v2\/posts\/39421\/revisions"}],"predecessor-version":[{"id":39423,"href":"https:\/\/inces.gob.ve\/index.php\/wp-json\/wp\/v2\/posts\/39421\/revisions\/39423"}],"wp:featuredmedia":[{"embeddable":true,"href":"https:\/\/inces.gob.ve\/index.php\/wp-json\/wp\/v2\/media\/39422"}],"wp:attachment":[{"href":"https:\/\/inces.gob.ve\/index.php\/wp-json\/wp\/v2\/media?parent=39421"}],"wp:term":[{"taxonomy":"category","embeddable":true,"href":"https:\/\/inces.gob.ve\/index.php\/wp-json\/wp\/v2\/categories?post=39421"},{"taxonomy":"post_tag","embeddable":true,"href":"https:\/\/inces.gob.ve\/index.php\/wp-json\/wp\/v2\/tags?post=39421"}],"curies":[{"name":"wp","href":"https:\/\/api.w.org\/{rel}","templated":true}]}}