{"id":39496,"date":"2021-08-11T01:04:44","date_gmt":"2021-08-11T05:04:44","guid":{"rendered":"https:\/\/inces.gob.ve\/?p=39496"},"modified":"2021-08-10T23:13:15","modified_gmt":"2021-08-11T03:13:15","slug":"nota-de-color-gerente-del-inces-trujillo-es-escogida-madrina-de-grado-de-educacion-inicial","status":"publish","type":"post","link":"https:\/\/inces.gob.ve\/index.php\/2021\/08\/11\/nota-de-color-gerente-del-inces-trujillo-es-escogida-madrina-de-grado-de-educacion-inicial\/","title":{"rendered":"NOTA DE COLOR  &#8211; Gerente del Inces Trujillo es escogida madrina de grado de educaci\u00f3n inicial"},"content":{"rendered":"<p align=\"justify\"><em><strong><span style=\"font-size: 14pt;\">** La XII promoci\u00f3n que lleva por nombre 1946-2021 Arist\u00f3bulo Ist\u00fariz Insigne Maestro de la Patria\u201d, seleccion\u00f3 a Ang\u00e9lica Moron Aldana como madrina, quien por su condici\u00f3n de l\u00edder del ente formador en Trujillo es conocida en la localidad de San Rafael de Carvajal<\/span><\/strong><\/em><!--more--><\/p>\n<p align=\"justify\">\n<p align=\"justify\"><strong><span style=\"font-size: 14pt;\">MAR\u00cdA CABRERA<\/span><\/strong><\/p>\n<p align=\"justify\"><span style=\"font-size: 14pt;\">Una hermoso y tierno acto protagonizaron los integrantes de la Escuela Concentrada \u201cSabana de Cuba\u201d del municipio San Rafael de Carvajal, en el estado Trujillo, quienes fueron promovidos al primer grado seleccionando de madrina de promoci\u00f3n a Ang\u00e9lica Mor\u00f3n Aldana, gerente regional del Inces como madrina de la misma.<\/span><\/p>\n<p align=\"justify\">\n<p align=\"justify\"><span style=\"font-size: 14pt;\">Los 22 ni\u00f1os integrantes de la XII promoci\u00f3n titulada \u201c1946-2021 Arist\u00f3bulo Isturiz Insigne Maestro de la Patria\u201d se desarroll\u00f3 en las instalaciones de la referida instituci\u00f3n educativa la cual se caracteriza por recibir a ni\u00f1os y ni\u00f1as de la localidad y las adyacencias con la formalidad y la seriedad que el caso amerita, especialmente, en acto alusivos a su graduaci\u00f3n.<\/span><\/p>\n<p align=\"justify\">\n<p align=\"justify\"><span style=\"font-size: 14pt;\">En esta ocasi\u00f3n la l\u00edder del Inces-Trujillo fue escogida para esta promoci\u00f3n como madrina de 10 ni\u00f1as y 12 ni\u00f1os que gustosos recibieron desde hace d\u00edas la noticia donde la Gerente Regional es conocida dado las diligencias institucionales que efect\u00faa en el municipio representando a este ente formador el cual cuenta con un n\u00famero importante de participantes de ese sitio durante este periodo.<\/span><\/p>\n<p align=\"justify\">\n<p align=\"justify\"><span style=\"font-size: 14pt;\">En las fotograf\u00edas se puede ver la alegr\u00eda de los peque\u00f1os, quienes mostraron su especial agradecimiento a Mor\u00f3n Aldana.<\/span><\/p>\n<p align=\"justify\">\n<p align=\"justify\"><span style=\"font-size: 14pt;\">Desde el Inces-Trujillo felicitamos a los padres y representantes por la promoci\u00f3n de estos peque\u00f1os que demuestran desde su humana y tierna trinchera lo bello que es hacer patria en cualquier momento de la vida&#8230;\u00a1\u00a1\u00a1\u00a1FELICIDADES!!!!<\/span><\/p>\n","protected":false},"excerpt":{"rendered":"<p>** La XII promoci\u00f3n que lleva por nombre 1946-2021 Arist\u00f3bulo Ist\u00fariz Insigne Maestro de la Patria\u201d, seleccion\u00f3 a Ang\u00e9lica Moron Aldana como madrina, quien por su condici\u00f3n de l\u00edder del ente formador en Trujillo es conocida en la localidad de San Rafael de Carvajal<\/p>\n","protected":false},"author":4,"featured_media":39497,"comment_status":"closed","ping_status":"closed","sticky":false,"template":"","format":"standard","meta":{"footnotes":""},"categories":[2],"tags":[],"class_list":["post-39496","post","type-post","status-publish","format-standard","has-post-thumbnail","hentry","category-blog"],"_links":{"self":[{"href":"https:\/\/inces.gob.ve\/index.php\/wp-json\/wp\/v2\/posts\/39496","targetHints":{"allow":["GET"]}}],"collection":[{"href":"https:\/\/inces.gob.ve\/index.php\/wp-json\/wp\/v2\/posts"}],"about":[{"href":"https:\/\/inces.gob.ve\/index.php\/wp-json\/wp\/v2\/types\/post"}],"author":[{"embeddable":true,"href":"https:\/\/inces.gob.ve\/index.php\/wp-json\/wp\/v2\/users\/4"}],"replies":[{"embeddable":true,"href":"https:\/\/inces.gob.ve\/index.php\/wp-json\/wp\/v2\/comments?post=39496"}],"version-history":[{"count":1,"href":"https:\/\/inces.gob.ve\/index.php\/wp-json\/wp\/v2\/posts\/39496\/revisions"}],"predecessor-version":[{"id":39498,"href":"https:\/\/inces.gob.ve\/index.php\/wp-json\/wp\/v2\/posts\/39496\/revisions\/39498"}],"wp:featuredmedia":[{"embeddable":true,"href":"https:\/\/inces.gob.ve\/index.php\/wp-json\/wp\/v2\/media\/39497"}],"wp:attachment":[{"href":"https:\/\/inces.gob.ve\/index.php\/wp-json\/wp\/v2\/media?parent=39496"}],"wp:term":[{"taxonomy":"category","embeddable":true,"href":"https:\/\/inces.gob.ve\/index.php\/wp-json\/wp\/v2\/categories?post=39496"},{"taxonomy":"post_tag","embeddable":true,"href":"https:\/\/inces.gob.ve\/index.php\/wp-json\/wp\/v2\/tags?post=39496"}],"curies":[{"name":"wp","href":"https:\/\/api.w.org\/{rel}","templated":true}]}}