{"id":39502,"date":"2021-08-11T01:21:45","date_gmt":"2021-08-11T05:21:45","guid":{"rendered":"https:\/\/inces.gob.ve\/?p=39502"},"modified":"2021-08-10T23:27:05","modified_gmt":"2021-08-11T03:27:05","slug":"aragua-inces-realiza-reunion-para-cumplir-y-fortalecer-las-lineas-estrategicas-2021","status":"publish","type":"post","link":"https:\/\/inces.gob.ve\/index.php\/2021\/08\/11\/aragua-inces-realiza-reunion-para-cumplir-y-fortalecer-las-lineas-estrategicas-2021\/","title":{"rendered":"ARAGUA  &#8211; Inces realiza reuni\u00f3n para cumplir y fortalecer las l\u00edneas estrat\u00e9gicas 2021"},"content":{"rendered":"<p style=\"text-align: justify;\"><span style=\"font-size: 14pt;\">***El Inces comenzar\u00e1 a elaborar una curr\u00edcula para fortalecer la formaci\u00f3n en todos los centros de formaci\u00f3n de Aragua y as\u00ed lograr que los proyectos socio productivos vayan encaminados a los 16 motores de la naci\u00f3n<\/span><!--more--><\/p>\n<p>&nbsp;<\/p>\n<p style=\"text-align: justify;\"><strong><span style=\"font-size: 14pt;\">ROD\u00cdN BUSTILLOS<\/span><\/strong><\/p>\n<p style=\"text-align: justify;\"><span style=\"font-size: 14pt;\">As\u00ed lo inform\u00f3 el gerente regional del Inces Aragua, Oliver Medina, quien se\u00f1al\u00f3 que siguiendo los lineamientos del presidente del Inces Wuikelman Angel, en seguir fortaleciendo el desarrollo productivo, la formaci\u00f3n pertinente, la transformaci\u00f3n y la transici\u00f3n al campo virtual, sostuvo reuni\u00f3n con los jefes de todos los centros de formaci\u00f3n socialista (CFS) de la entidad arag\u00fce\u00f1a para fortalecer estos lineamientos.<\/span><\/p>\n<p>&nbsp;<\/p>\n<p style=\"text-align: justify;\"><span style=\"font-size: 14pt;\">\u201cLa reuni\u00f3n se concentra en tres lineas estrat\u00e9gicas, la transformaci\u00f3n de la instituci\u00f3n desde el punto de vista del desarrollo productivo, comenzaremos estudiar, a aprender, como se construye y se elabora una curr\u00edcula, cu\u00e1l es el tipo de formaci\u00f3n que se va a dictar para un proyecto socio productivo, esto con el fin que los procesos de formaci\u00f3n vayan encaminados hacia lo sustentable, viable y est\u00e9n involucrados los 16 motores\u00bb.<\/span><\/p>\n<p>&nbsp;<\/p>\n<p style=\"text-align: justify;\"><span style=\"font-size: 14pt;\"> Prosigui\u00f3 diciendo, la formaci\u00f3n de la instituci\u00f3n, est\u00e1 vinculada a ese proceso de los proyectos productivos, y a la vez vamos a fortalecer cada uno de los motores, que ha venido dando como lineamiento el presidente de la Rep\u00fablica Bolivariana de Venezuela, Nicol\u00e1s Maduro Moros\u201d, acot\u00f3 Medina.<\/span><\/p>\n<p>&nbsp;<\/p>\n<p style=\"text-align: justify;\"><span style=\"font-size: 14pt;\">Inform\u00f3 Medina, como otro punto de importancia, la modernizaci\u00f3n\u00a0 y el uso de la tecnolog\u00eda. \u201cTodos los procesos formativos del Inces van hacia la transformaci\u00f3n de la instituci\u00f3n digitalizada, lo cual nos va a permitir a nosotros garantizar la mejora de la plataforma en el \u00e1rea administrativa, lo productivo y lo informativo\u201d.<\/span><\/p>\n<p>&nbsp;<\/p>\n<p style=\"text-align: justify;\"><span style=\"font-size: 14pt;\">Luego de esta reuni\u00f3n, todos los jefes de los CFS de Aragua, CEMA, Construcci\u00f3n, El Lim\u00f3n, Metalminero Maracay, Textil, Programa Penitenciario, Turismo, Cagua, Villa de Cura, Metalminero La Victoria, Ocumare de la Costa y Agr\u00edcola EPA, se preparan para la celebraci\u00f3n de los 62 a\u00f1os del Inces desde el 22 hasta el 27 de agosto.<\/span><\/p>\n","protected":false},"excerpt":{"rendered":"<p>***El Inces comenzar\u00e1 a elaborar una curr\u00edcula para fortalecer la formaci\u00f3n en todos los centros de formaci\u00f3n de Aragua y as\u00ed lograr que los proyectos socio productivos vayan encaminados a los 16 motores de la naci\u00f3n<\/p>\n","protected":false},"author":4,"featured_media":39503,"comment_status":"closed","ping_status":"closed","sticky":false,"template":"","format":"standard","meta":{"footnotes":""},"categories":[2],"tags":[],"class_list":["post-39502","post","type-post","status-publish","format-standard","has-post-thumbnail","hentry","category-blog"],"_links":{"self":[{"href":"https:\/\/inces.gob.ve\/index.php\/wp-json\/wp\/v2\/posts\/39502","targetHints":{"allow":["GET"]}}],"collection":[{"href":"https:\/\/inces.gob.ve\/index.php\/wp-json\/wp\/v2\/posts"}],"about":[{"href":"https:\/\/inces.gob.ve\/index.php\/wp-json\/wp\/v2\/types\/post"}],"author":[{"embeddable":true,"href":"https:\/\/inces.gob.ve\/index.php\/wp-json\/wp\/v2\/users\/4"}],"replies":[{"embeddable":true,"href":"https:\/\/inces.gob.ve\/index.php\/wp-json\/wp\/v2\/comments?post=39502"}],"version-history":[{"count":1,"href":"https:\/\/inces.gob.ve\/index.php\/wp-json\/wp\/v2\/posts\/39502\/revisions"}],"predecessor-version":[{"id":39504,"href":"https:\/\/inces.gob.ve\/index.php\/wp-json\/wp\/v2\/posts\/39502\/revisions\/39504"}],"wp:featuredmedia":[{"embeddable":true,"href":"https:\/\/inces.gob.ve\/index.php\/wp-json\/wp\/v2\/media\/39503"}],"wp:attachment":[{"href":"https:\/\/inces.gob.ve\/index.php\/wp-json\/wp\/v2\/media?parent=39502"}],"wp:term":[{"taxonomy":"category","embeddable":true,"href":"https:\/\/inces.gob.ve\/index.php\/wp-json\/wp\/v2\/categories?post=39502"},{"taxonomy":"post_tag","embeddable":true,"href":"https:\/\/inces.gob.ve\/index.php\/wp-json\/wp\/v2\/tags?post=39502"}],"curies":[{"name":"wp","href":"https:\/\/api.w.org\/{rel}","templated":true}]}}