{"id":39522,"date":"2021-08-12T11:32:26","date_gmt":"2021-08-12T15:32:26","guid":{"rendered":"https:\/\/inces.gob.ve\/?p=39522"},"modified":"2021-08-12T11:42:48","modified_gmt":"2021-08-12T15:42:48","slug":"el-inces-esta-comprometido-con-el-pueblo-comunero","status":"publish","type":"post","link":"https:\/\/inces.gob.ve\/index.php\/2021\/08\/12\/el-inces-esta-comprometido-con-el-pueblo-comunero\/","title":{"rendered":"El Inces est\u00e1 comprometido con el pueblo comunero"},"content":{"rendered":"<p style=\"text-align: justify;\"><span style=\"font-size: 14pt; font-family: arial, helvetica, sans-serif;\"><em><strong>** El presidente de la casa formativa, Wuikelman Angel, estuvo como invitado en el programa Comuna, coraz\u00f3n de la patria<\/strong><\/em><!--more--><\/span><\/p>\n<p>&nbsp;<\/p>\n<p><span style=\"font-size: 14pt;\"><strong>LONGINA TOVAR<\/strong><\/span><\/p>\n<p style=\"text-align: justify;\"><span style=\"font-size: 14pt; font-family: arial, helvetica, sans-serif;\">\u201cHoy ratificamos nuestro compromiso de formar en materia t\u00e9cnica profesional al pueblo comunero de Venezuela. Estamos profundamente comprometidos con todos los planes e iniciativas del ministerio para las Comunas\u201d.<\/span><\/p>\n<p>&nbsp;<\/p>\n<p style=\"text-align: justify;\"><span style=\"font-size: 14pt; font-family: arial, helvetica, sans-serif;\">Fueron parte de las declaraciones que realiz\u00f3 el presidente del Inces, Wuikelman Angel, ante los micr\u00f3fonos de radio Miraflores y su programa Comuna, coraz\u00f3n de la Patria, conducido por la ministra del Poder Popular para las Comunas y Movimiento Sociales, Noris Herrera.<\/span><\/p>\n<p>&nbsp;<\/p>\n<p style=\"text-align: justify;\"><span style=\"font-size: 14pt; font-family: arial, helvetica, sans-serif;\">Explic\u00f3 Angel que se est\u00e1 haciendo un importante trabajo de reconocimiento del saber emp\u00edrico del pueblo, a trav\u00e9s de la certificaci\u00f3n y acreditaci\u00f3n de conocimientos en las comunidades: \u201cReconocemos la labor del pueblo organizado y rescatamos el pensamiento del maestro Prieto quien ya ve\u00eda al Inces desde la visi\u00f3n de la comuna, de la juventud\u201d.<\/span><\/p>\n<p>&nbsp;<\/p>\n<p><img loading=\"lazy\" decoding=\"async\" class=\"aligncenter wp-image-39523 size-full\" src=\"https:\/\/inces.gob.ve\/wp-content\/uploads\/2021\/08\/WhatsApp-Image-2021-08-12-at-09.43.27.jpeg\" alt=\"\" width=\"1024\" height=\"576\" srcset=\"https:\/\/inces.gob.ve\/wp-content\/uploads\/2021\/08\/WhatsApp-Image-2021-08-12-at-09.43.27.jpeg 1024w, https:\/\/inces.gob.ve\/wp-content\/uploads\/2021\/08\/WhatsApp-Image-2021-08-12-at-09.43.27-300x169.jpeg 300w, https:\/\/inces.gob.ve\/wp-content\/uploads\/2021\/08\/WhatsApp-Image-2021-08-12-at-09.43.27-768x432.jpeg 768w\" sizes=\"auto, (max-width: 1024px) 100vw, 1024px\" \/><\/p>\n<p>&nbsp;<\/p>\n<p style=\"text-align: justify;\"><span style=\"font-size: 14pt; font-family: arial, helvetica, sans-serif;\">Por su parte, la ministra Herrera agradeci\u00f3 que el Inces est\u00e9 en las comunidades donde \u201cun elemento fundamental es el proceso de formaci\u00f3n y el reconocimiento de los saberes de un pueblo que decidi\u00f3, junto a Ch\u00e1vez, ser libre, independiente y soberano; y tener al Inces en cada territorio comunal para darnos herramientas y valorar el esfuerzo que hemos realizado en cada una de las \u00e1reas del conocimiento de quien cose, hace pan o siembra es una victoria\u201d.<\/span><\/p>\n<p>&nbsp;<\/p>\n<p style=\"text-align: justify;\"><span style=\"font-size: 14pt; font-family: arial, helvetica, sans-serif;\">Tambi\u00e9n estuvo como invitado en el programa el viceministro Jorge P\u00e9rez, quien resalt\u00f3 la participaci\u00f3n del Inces dentro del Plan Chamba Juvenil. Explic\u00f3 que la labor de la instituci\u00f3n educativa ha sido fundamental en la convocatoria que asciende a m\u00e1s de 10.000 j\u00f3venes y por supuesto su aporte al aspecto formativo en ocupaciones productivas pertinentes para el pa\u00eds.<\/span><\/p>\n<p>&nbsp;<\/p>\n<p style=\"text-align: justify;\"><span style=\"font-size: 14pt; font-family: arial, helvetica, sans-serif;\">Asimismo, P\u00e9rez felicit\u00f3 al Inces por su 62 aniversario y lo catalog\u00f3 como el sue\u00f1o cumplido del maestro Luis B. Prieto F. \u201cGracias al impulso que le inyect\u00f3 la Revoluci\u00f3n Bolivariana, el comandante Ch\u00e1vez y el profesor Arist\u00f3bulo Ist\u00fariz, hoy el Inces se parece m\u00e1s a la idea que so\u00f1\u00f3 el maestro\u201d, conlcuy\u00f3.<\/span><\/p>\n","protected":false},"excerpt":{"rendered":"<p>** El presidente de la casa formativa, Wuikelman Angel, estuvo como invitado en el programa Comuna, coraz\u00f3n de la patria<\/p>\n","protected":false},"author":4,"featured_media":39524,"comment_status":"closed","ping_status":"closed","sticky":false,"template":"","format":"standard","meta":{"footnotes":""},"categories":[2],"tags":[],"class_list":["post-39522","post","type-post","status-publish","format-standard","has-post-thumbnail","hentry","category-blog"],"_links":{"self":[{"href":"https:\/\/inces.gob.ve\/index.php\/wp-json\/wp\/v2\/posts\/39522","targetHints":{"allow":["GET"]}}],"collection":[{"href":"https:\/\/inces.gob.ve\/index.php\/wp-json\/wp\/v2\/posts"}],"about":[{"href":"https:\/\/inces.gob.ve\/index.php\/wp-json\/wp\/v2\/types\/post"}],"author":[{"embeddable":true,"href":"https:\/\/inces.gob.ve\/index.php\/wp-json\/wp\/v2\/users\/4"}],"replies":[{"embeddable":true,"href":"https:\/\/inces.gob.ve\/index.php\/wp-json\/wp\/v2\/comments?post=39522"}],"version-history":[{"count":2,"href":"https:\/\/inces.gob.ve\/index.php\/wp-json\/wp\/v2\/posts\/39522\/revisions"}],"predecessor-version":[{"id":39530,"href":"https:\/\/inces.gob.ve\/index.php\/wp-json\/wp\/v2\/posts\/39522\/revisions\/39530"}],"wp:featuredmedia":[{"embeddable":true,"href":"https:\/\/inces.gob.ve\/index.php\/wp-json\/wp\/v2\/media\/39524"}],"wp:attachment":[{"href":"https:\/\/inces.gob.ve\/index.php\/wp-json\/wp\/v2\/media?parent=39522"}],"wp:term":[{"taxonomy":"category","embeddable":true,"href":"https:\/\/inces.gob.ve\/index.php\/wp-json\/wp\/v2\/categories?post=39522"},{"taxonomy":"post_tag","embeddable":true,"href":"https:\/\/inces.gob.ve\/index.php\/wp-json\/wp\/v2\/tags?post=39522"}],"curies":[{"name":"wp","href":"https:\/\/api.w.org\/{rel}","templated":true}]}}