{"id":39531,"date":"2021-08-12T17:04:16","date_gmt":"2021-08-12T21:04:16","guid":{"rendered":"https:\/\/inces.gob.ve\/?p=39531"},"modified":"2021-08-12T17:06:20","modified_gmt":"2021-08-12T21:06:20","slug":"inces-y-cantv-acuerdan-ruta-de-trabajo-para-formacion-y-acreditacion-de-trabajadores","status":"publish","type":"post","link":"https:\/\/inces.gob.ve\/index.php\/2021\/08\/12\/inces-y-cantv-acuerdan-ruta-de-trabajo-para-formacion-y-acreditacion-de-trabajadores\/","title":{"rendered":"Inces y Cantv acuerdan ruta de trabajo para formaci\u00f3n y acreditaci\u00f3n de trabajadores"},"content":{"rendered":"<p style=\"text-align: justify;\"><span style=\"font-size: 14pt;\"><i><b>** Desde 2020 el Inces trabaja en la atenci\u00f3n formativa de los trabajadores que hacen vida laboral en las empresas b\u00e1sicas del pa\u00eds<\/b><\/i><\/span><!--more--><\/p>\n<p>&nbsp;<\/p>\n<p style=\"text-align: justify;\"><span style=\"font-size: 14pt;\"><b>PRENSA INCES SEDE<\/b><\/span><\/p>\n<p style=\"text-align: justify;\"><span style=\"font-size: 14pt;\">Los titulares de las carteras del Inces y Cantv, Wuikelman Angel y Jes\u00fas Aldana, respectivamente, sostuvieron una reuni\u00f3n de trabajo en la cual se acord\u00f3 dise\u00f1ar de inmediato una ruta de trabajo que permita acreditar los saberes de los trabajadores de la empresa de Telecomunicaciones.<\/span><\/p>\n<p>&nbsp;<\/p>\n<p style=\"text-align: justify;\"><span style=\"font-size: 14pt;\">Asimismo, se acord\u00f3 el caracterizar a aquellas maestros potenciales que cuentan con amplia experiencia y pueden transferir sus conocimientos a nuevas generaciones.<\/span><\/p>\n<p>&nbsp;<\/p>\n<p style=\"text-align: justify;\"><span style=\"font-size: 14pt;\">Al respecto, Angel se\u00f1al\u00f3 en su cuenta Twitter: \u201cLa articulaci\u00f3n con este sector, vital para el pa\u00eds, responde a la l\u00ednea de trabajo que hemos impulsado y que nos permite ejemplificar la pertinencia de nuestra formaci\u00f3n y su impacto en los servicios p\u00fablicos de la naci\u00f3n\u201d.<\/span><\/p>\n<p>&nbsp;<\/p>\n<p style=\"text-align: justify;\"><span style=\"font-size: 14pt;\">Con acciones similares a estas y acuerdos institucionales del mismo tipo, el Inces se consolida como la herramienta fundamental para la formaci\u00f3n de la clase trabajadora, en respuesta a las necesidades reales del mundo del trabajo.<\/span><\/p>\n<p>&nbsp;<\/p>\n<p style=\"text-align: justify;\"><span style=\"font-size: 14pt;\">La casa formativa trabaja por crear nuevos perfiles que se adaptan a las demandas de la gente y de las entidades de trabajo, con \u00e9nfasis en las empresas que prestan servicios p\u00fablicos.<\/span><\/p>\n","protected":false},"excerpt":{"rendered":"<p>** Desde 2020 el Inces trabaja en la atenci\u00f3n formativa de los trabajadores que hacen vida laboral en las empresas b\u00e1sicas del pa\u00eds<\/p>\n","protected":false},"author":4,"featured_media":39534,"comment_status":"closed","ping_status":"closed","sticky":false,"template":"","format":"standard","meta":{"footnotes":""},"categories":[2],"tags":[],"class_list":["post-39531","post","type-post","status-publish","format-standard","has-post-thumbnail","hentry","category-blog"],"_links":{"self":[{"href":"https:\/\/inces.gob.ve\/index.php\/wp-json\/wp\/v2\/posts\/39531","targetHints":{"allow":["GET"]}}],"collection":[{"href":"https:\/\/inces.gob.ve\/index.php\/wp-json\/wp\/v2\/posts"}],"about":[{"href":"https:\/\/inces.gob.ve\/index.php\/wp-json\/wp\/v2\/types\/post"}],"author":[{"embeddable":true,"href":"https:\/\/inces.gob.ve\/index.php\/wp-json\/wp\/v2\/users\/4"}],"replies":[{"embeddable":true,"href":"https:\/\/inces.gob.ve\/index.php\/wp-json\/wp\/v2\/comments?post=39531"}],"version-history":[{"count":1,"href":"https:\/\/inces.gob.ve\/index.php\/wp-json\/wp\/v2\/posts\/39531\/revisions"}],"predecessor-version":[{"id":39533,"href":"https:\/\/inces.gob.ve\/index.php\/wp-json\/wp\/v2\/posts\/39531\/revisions\/39533"}],"wp:featuredmedia":[{"embeddable":true,"href":"https:\/\/inces.gob.ve\/index.php\/wp-json\/wp\/v2\/media\/39534"}],"wp:attachment":[{"href":"https:\/\/inces.gob.ve\/index.php\/wp-json\/wp\/v2\/media?parent=39531"}],"wp:term":[{"taxonomy":"category","embeddable":true,"href":"https:\/\/inces.gob.ve\/index.php\/wp-json\/wp\/v2\/categories?post=39531"},{"taxonomy":"post_tag","embeddable":true,"href":"https:\/\/inces.gob.ve\/index.php\/wp-json\/wp\/v2\/tags?post=39531"}],"curies":[{"name":"wp","href":"https:\/\/api.w.org\/{rel}","templated":true}]}}