{"id":39535,"date":"2021-08-13T21:57:35","date_gmt":"2021-08-14T01:57:35","guid":{"rendered":"https:\/\/inces.gob.ve\/?p=39535"},"modified":"2021-08-13T21:57:35","modified_gmt":"2021-08-14T01:57:35","slug":"certifican-a-17-electricistas-en-redes-de-distribucion-de-corpoelec","status":"publish","type":"post","link":"https:\/\/inces.gob.ve\/index.php\/2021\/08\/13\/certifican-a-17-electricistas-en-redes-de-distribucion-de-corpoelec\/","title":{"rendered":"Certifican a 17 Electricistas en redes de distribuci\u00f3n de Corpoelec"},"content":{"rendered":"<p style=\"text-align: justify;\"><strong><span style=\"font-family: Carlito; font-size: 14pt;\"><i>***El perfil productivo acreditado forma parte del \u00e1rea de conocimiento en construcci\u00f3n denominado \u201cElectricidad de distribuci\u00f3n, transmisi\u00f3n y planta de generaci\u00f3n\u201d<\/i><\/span><\/strong><!--more--><\/p>\n<p style=\"text-align: justify;\">\n<p style=\"text-align: justify;\"><span style=\"font-size: 14pt;\"><b><span style=\"font-family: Carlito;\">T\/F LUIS J. GONZ\u00c1LEZ C.<\/span><\/b><\/span><\/p>\n<p style=\"text-align: justify;\"><span style=\"font-family: Carlito; font-size: 14pt;\">Con la participaci\u00f3n de los maestros t\u00e9cnicos productivos del Inces y de los maestros de la Escuela de Formaci\u00f3n de Corporaci\u00f3n El\u00e9ctrica Nacional (Corpoelec) en La Yaguara, se certificaron los saberes de 17 electricistas en redes de distribuci\u00f3n.<\/span><\/p>\n<p>&nbsp;<\/p>\n<p style=\"text-align: justify;\"><span style=\"font-family: Carlito; font-size: 14pt;\">Este grupo pertenece un total de 52 trabajadores que se contempla en el proyecto de formaci\u00f3n y autoformaci\u00f3n productiva, enmarcadas en el nuevo modelo de gesti\u00f3n del Inces para la reactivaci\u00f3n del aparato productivo y elevaci\u00f3n de los niveles de producci\u00f3n en las entidades y centros de trabajo del pa\u00eds en atenci\u00f3n a la poblaci\u00f3n venezolana, en materia de servicios b\u00e1sicos.<\/span><\/p>\n<p>&nbsp;<\/p>\n<p style=\"text-align: justify;\"><span style=\"font-family: Carlito; font-size: 14pt;\">Durante el proceso evaluativo, los aspirantes demostraron destrezas y conocimientos t\u00e9cnicos y te\u00f3ricos en el \u00e1rea, para lo cual fue utilizado un instrumento desarrollado por el Inces y los maestros t\u00e9cnicos de la Escuela de Corpoelec.<\/span><\/p>\n<p style=\"text-align: justify;\">\n<p style=\"text-align: justify;\"><span style=\"font-family: Carlito; font-size: 14pt;\">Franklin Rodr\u00edguez, coordinador de la gerencia general de Formaci\u00f3n y Autoformaci\u00f3n del Inces, explic\u00f3 que actualmente la instituci\u00f3n educativa se encuentra conjuntamente con la empresa Corpoelec construyendo el proyecto de formaci\u00f3n y autoformaci\u00f3n productiva, que contempla 5 perfiles principales, como lo son Electricista en redes de distribuci\u00f3n, Electricistas en redes de transmisi\u00f3n, Electricistas en plantas de generaci\u00f3n, Operador de su estaci\u00f3n y Operador de campo de l\u00ednea, y que forman parte del \u00e1rea de conocimiento es \u201cElectricidad de distribuci\u00f3n, transmisi\u00f3n y planta de generaci\u00f3n\u201d.<\/span><\/p>\n<p>&nbsp;<\/p>\n<p style=\"text-align: justify;\"><span style=\"font-family: Carlito; font-size: 14pt;\">Se prev\u00e9 a trav\u00e9s de estas formaciones fortalecer la formaci\u00f3n y autoformaci\u00f3n productiva de este sector de servicio p\u00fablico a trav\u00e9s de las escuelas de la empresa Corpoelec, distribuidas en todo el pa\u00eds y con ello el Sistema El\u00e9ctrico Nacional de acuerdo al Plan de la Patria 2019-2025.<\/span><\/p>\n<p>&nbsp;<\/p>\n<p style=\"text-align: justify;\"><span style=\"font-family: Carlito; font-size: 14pt;\">Por su parte el gerente general de Formaci\u00f3n de Corpoelec, N\u00e9stor Ovalles, explic\u00f3 que se prev\u00e9 instalar en las Escuelas de Formaci\u00f3n para Electricistas distribuidas en todo el pa\u00eds un Centro de Formaci\u00f3n de Electricistas, \u201cen esta primera etapa se contempla uno en la regi\u00f3n capital para atender Caracas, La Guaira y Miranda, Regi\u00f3n Oriental, Andina, Occidental, Los Llanos, Sur y Central, bajo la premisa que las f\u00e1bricas son una escuela\u201d, indic\u00f3.<\/span><\/p>\n<p>&nbsp;<\/p>\n<p style=\"text-align: justify;\"><span style=\"font-size: 14pt;\"><span style=\"font-family: Carlito;\">Deyanira Gonz\u00e1lez, <\/span><span style=\"font-family: Carlito;\">de la Gerencia de Curriculum y Did\u00e1ctica del Inces, manifest\u00f3 que esta certificaci\u00f3n forma parte de la construcci\u00f3n de las propuestas formativas adaptadas al nuevo curriculum,\u00a0<\/span><span style=\"font-family: Carlito;\">cuyas mesas de trabajo iniciaron el pasado mes de junio \u201cesta ser\u00eda la primera acreditaci\u00f3n de un perfil productivo laboral cualificado, dando inicio a la nueva metodolog\u00eda del Inces\u201d, se\u00f1al\u00f3.<br \/>\n<\/span><\/span><\/p>\n","protected":false},"excerpt":{"rendered":"<p>***El perfil productivo acreditado forma parte del \u00e1rea de conocimiento en construcci\u00f3n denominado \u201cElectricidad de distribuci\u00f3n, transmisi\u00f3n y planta de generaci\u00f3n\u201d<\/p>\n","protected":false},"author":4,"featured_media":39536,"comment_status":"closed","ping_status":"closed","sticky":false,"template":"","format":"standard","meta":{"footnotes":""},"categories":[2],"tags":[],"class_list":["post-39535","post","type-post","status-publish","format-standard","has-post-thumbnail","hentry","category-blog"],"_links":{"self":[{"href":"https:\/\/inces.gob.ve\/index.php\/wp-json\/wp\/v2\/posts\/39535","targetHints":{"allow":["GET"]}}],"collection":[{"href":"https:\/\/inces.gob.ve\/index.php\/wp-json\/wp\/v2\/posts"}],"about":[{"href":"https:\/\/inces.gob.ve\/index.php\/wp-json\/wp\/v2\/types\/post"}],"author":[{"embeddable":true,"href":"https:\/\/inces.gob.ve\/index.php\/wp-json\/wp\/v2\/users\/4"}],"replies":[{"embeddable":true,"href":"https:\/\/inces.gob.ve\/index.php\/wp-json\/wp\/v2\/comments?post=39535"}],"version-history":[{"count":1,"href":"https:\/\/inces.gob.ve\/index.php\/wp-json\/wp\/v2\/posts\/39535\/revisions"}],"predecessor-version":[{"id":39537,"href":"https:\/\/inces.gob.ve\/index.php\/wp-json\/wp\/v2\/posts\/39535\/revisions\/39537"}],"wp:featuredmedia":[{"embeddable":true,"href":"https:\/\/inces.gob.ve\/index.php\/wp-json\/wp\/v2\/media\/39536"}],"wp:attachment":[{"href":"https:\/\/inces.gob.ve\/index.php\/wp-json\/wp\/v2\/media?parent=39535"}],"wp:term":[{"taxonomy":"category","embeddable":true,"href":"https:\/\/inces.gob.ve\/index.php\/wp-json\/wp\/v2\/categories?post=39535"},{"taxonomy":"post_tag","embeddable":true,"href":"https:\/\/inces.gob.ve\/index.php\/wp-json\/wp\/v2\/tags?post=39535"}],"curies":[{"name":"wp","href":"https:\/\/api.w.org\/{rel}","templated":true}]}}