{"id":39607,"date":"2021-08-20T00:04:23","date_gmt":"2021-08-20T04:04:23","guid":{"rendered":"https:\/\/inces.gob.ve\/?p=39607"},"modified":"2021-08-19T23:23:16","modified_gmt":"2021-08-20T03:23:16","slug":"aragua-seguimos-planificando-formaciones-y-acreditaciones-para-la-expansion-de-motores-productivos-promocionados-por-el-ejecutivo-nacional","status":"publish","type":"post","link":"https:\/\/inces.gob.ve\/index.php\/2021\/08\/20\/aragua-seguimos-planificando-formaciones-y-acreditaciones-para-la-expansion-de-motores-productivos-promocionados-por-el-ejecutivo-nacional\/","title":{"rendered":"ARAGUA | Seguimos planificando formaciones y acreditaciones para la expansi\u00f3n de motores productivos promocionados por el Ejecutivo Nacional"},"content":{"rendered":"<p style=\"text-align: justify;\"><em><strong><span style=\"font-size: 14pt;\">** Se realiz\u00f3 enlace con la vocer\u00eda Estadal Presidencial del Consejo de Planificaci\u00f3n del estado Aragua desde el CFS Textil, Construcci\u00f3n y Comercial Maracay<\/span><\/strong><\/em><!--more--><\/p>\n<p>&nbsp;<\/p>\n<p style=\"text-align: justify;\"><strong><span style=\"font-size: 14pt;\">NINOSKA PATRIZ<\/span><\/strong><\/p>\n<p style=\"text-align: justify;\">\n<span style=\"font-size: 14pt;\">De este modo comprometidos con el impulso de la Formaci\u00f3n T\u00e9cnica Profesional el Inces regi\u00f3n Aragua sostuvo conversaci\u00f3n con la vocero principal Carmen Concepci\u00f3n, la vocera de consejos 3, 5, 7 y 8 de la urbanizaci\u00f3n de la Candelaria, Carolina Mart\u00ednez y Eric Amaro, representante del Movimiento Viviendo Venezolano y Jefe del CFS Comercial Maracay.<\/span><\/p>\n<p>&nbsp;<\/p>\n<p style=\"text-align: justify;\"><span style=\"font-size: 14pt;\">Esta reuni\u00f3n fue realizada desde los espacios de los Centros de Formaci\u00f3n Socialista Textil y Construcci\u00f3n, junto a sus respectivos jefes de Centro Jorge Navarro y Henry Gil. Al respecto, Gil enfatiz\u00f3: \u00abNuestra misi\u00f3n es apoyar con el fortalecimiento, conciencia y reflexi\u00f3n del Poder Popular en cuanto a la construcci\u00f3n y rehabilitaci\u00f3n de viviendas.<\/span><\/p>\n<p>&nbsp;<\/p>\n<p style=\"text-align: justify;\"><span style=\"font-size: 14pt;\">\u00ab<\/span><span style=\"font-size: 14pt;\">En este sentido, se pretende impulsar directamente el bienestar de la naci\u00f3n. Buscamos potencializar el poder de las personas mediante el impulso a llevar vidas m\u00e1s plenas y productivas. Esto podemos lograrlo con el mejoramiento de la su calidad de vida en los diferentes territorios que ser\u00e1n caracterizados, iniciando por el Municipio Mario Brice\u00f1o Iragorry\u00bb, coment\u00f3 Amaro.<\/span><\/p>\n<p>&nbsp;<\/p>\n<p style=\"text-align: justify;\"><span style=\"font-size: 14pt;\">Por su parte, el profesor Navarro aclar\u00f3: \u00abSe acord\u00f3 la creaci\u00f3n y puesta en marcha de Brigadas Productivas de Trabajo. Y siempre apuntamos a que de ellas surjan Empresas Productivas Familares\u00bb. En este sentido tambi\u00e9n, destac\u00f3 que las mismas ser\u00e1n conformadas por los habitantes de las parroquias.<\/span><\/p>\n<p>&nbsp;<\/p>\n<p style=\"text-align: justify;\"><span style=\"font-size: 14pt;\">Otra tarea pendiente, es la de conformar los N\u00facleos de Ch\u00e1vez. Estos ser\u00e1n espacios para el an\u00e1lisis y el di\u00e1logo revolucionario. \u00abNos renovamos partiendo de la dial\u00e9ctica hasta la concreci\u00f3n del Legado del Comandante eterno. Con \u00e9ste sendero abrazamos el pensamiento descolonizador y el encuentro entre l\u00edderes de las comunidades para seguir construyendo la patria que deseamos para las generaciones futuras\u00bb, apunto la vocero Concepci\u00f3n.<\/span><\/p>\n","protected":false},"excerpt":{"rendered":"<p>** Se realiz\u00f3 enlace con la vocer\u00eda Estadal Presidencial del Consejo de Planificaci\u00f3n del estado Aragua desde el CFS Textil, Construcci\u00f3n y Comercial Maracay<\/p>\n","protected":false},"author":4,"featured_media":39608,"comment_status":"closed","ping_status":"closed","sticky":false,"template":"","format":"standard","meta":{"footnotes":""},"categories":[2],"tags":[],"class_list":["post-39607","post","type-post","status-publish","format-standard","has-post-thumbnail","hentry","category-blog"],"_links":{"self":[{"href":"https:\/\/inces.gob.ve\/index.php\/wp-json\/wp\/v2\/posts\/39607","targetHints":{"allow":["GET"]}}],"collection":[{"href":"https:\/\/inces.gob.ve\/index.php\/wp-json\/wp\/v2\/posts"}],"about":[{"href":"https:\/\/inces.gob.ve\/index.php\/wp-json\/wp\/v2\/types\/post"}],"author":[{"embeddable":true,"href":"https:\/\/inces.gob.ve\/index.php\/wp-json\/wp\/v2\/users\/4"}],"replies":[{"embeddable":true,"href":"https:\/\/inces.gob.ve\/index.php\/wp-json\/wp\/v2\/comments?post=39607"}],"version-history":[{"count":1,"href":"https:\/\/inces.gob.ve\/index.php\/wp-json\/wp\/v2\/posts\/39607\/revisions"}],"predecessor-version":[{"id":39609,"href":"https:\/\/inces.gob.ve\/index.php\/wp-json\/wp\/v2\/posts\/39607\/revisions\/39609"}],"wp:featuredmedia":[{"embeddable":true,"href":"https:\/\/inces.gob.ve\/index.php\/wp-json\/wp\/v2\/media\/39608"}],"wp:attachment":[{"href":"https:\/\/inces.gob.ve\/index.php\/wp-json\/wp\/v2\/media?parent=39607"}],"wp:term":[{"taxonomy":"category","embeddable":true,"href":"https:\/\/inces.gob.ve\/index.php\/wp-json\/wp\/v2\/categories?post=39607"},{"taxonomy":"post_tag","embeddable":true,"href":"https:\/\/inces.gob.ve\/index.php\/wp-json\/wp\/v2\/tags?post=39607"}],"curies":[{"name":"wp","href":"https:\/\/api.w.org\/{rel}","templated":true}]}}