{"id":39618,"date":"2021-08-20T10:42:40","date_gmt":"2021-08-20T14:42:40","guid":{"rendered":"https:\/\/inces.gob.ve\/?p=39618"},"modified":"2021-08-20T10:46:56","modified_gmt":"2021-08-20T14:46:56","slug":"desde-hace-62-anos-el-inces-acompana-a-los-jovenes-en-su-incorporacion-al-sector-productivo","status":"publish","type":"post","link":"https:\/\/inces.gob.ve\/index.php\/2021\/08\/20\/desde-hace-62-anos-el-inces-acompana-a-los-jovenes-en-su-incorporacion-al-sector-productivo\/","title":{"rendered":"Desde hace 62 a\u00f1os el Inces acompa\u00f1a a los j\u00f3venes en su incorporaci\u00f3n al sector productivo"},"content":{"rendered":"<p><span style=\"font-size: 14pt;\"><strong><em>**El presidente de la instituci\u00f3n, Wuikelman Angel Paredes, fue invitado al programa Primero es noticia, de Canal i, a prop\u00f3sito de los 62 a\u00f1os de la entidad formativa<\/em><\/strong><\/span><!--more--><\/p>\n<p>&nbsp;<\/p>\n<p><strong><span style=\"font-size: 14pt;\">PRENSA INCES<\/span><\/strong><\/p>\n<p><span style=\"font-size: 14pt;\">A lo largo de 62 a\u00f1os desde su fundaci\u00f3n, el Instituto Nacional de Capacitaci\u00f3n y Educaci\u00f3n Socialista (Inces) se ha mantenido firme en su labor de acompa\u00f1ar a la juventud en el tr\u00e1nsito desde su proceso formativo hasta la definitiva incorporaci\u00f3n en el sector productivo del pa\u00eds.<\/span><\/p>\n<p><span style=\"font-size: 14pt;\">A juicio del presidente de la instituci\u00f3n Wuikelman Angel Paredes, este acompa\u00f1amiento ha permitido que el Inces, durante 62 a\u00f1os, mantenga a\u00fan un estrecho v\u00ednculo con el sector juvenil que ve en la instituci\u00f3n una especie de faro que indica su camino hacia el futuro.<\/span><\/p>\n<p><span style=\"font-size: 14pt;\">En la emisi\u00f3n de este viernes 20 de agosto del programa matutino de televisi\u00f3n, Primero es noticia, trasmitido por Canal i, en el que particip\u00f3 como invitado, Angel Parades, este hizo un breve recuento de la funci\u00f3n y la raz\u00f3n de ser del Inces, que si bien siempre se ha concentrado en la formaci\u00f3n t\u00e9cnica profesional, el encuadre de esta tarea se ha adaptado a las diferentes circunstancias y coyunturas de nuestro pa\u00eds.<\/span><\/p>\n<p><img loading=\"lazy\" decoding=\"async\" class=\"size-large wp-image-39621 aligncenter\" src=\"https:\/\/inces.gob.ve\/wp-content\/uploads\/2021\/08\/WhatsApp-Image-2021-08-20-at-08.19.15-1-1024x575.jpeg\" alt=\"\" width=\"640\" height=\"359\" srcset=\"https:\/\/inces.gob.ve\/wp-content\/uploads\/2021\/08\/WhatsApp-Image-2021-08-20-at-08.19.15-1-1024x575.jpeg 1024w, https:\/\/inces.gob.ve\/wp-content\/uploads\/2021\/08\/WhatsApp-Image-2021-08-20-at-08.19.15-1-300x169.jpeg 300w, https:\/\/inces.gob.ve\/wp-content\/uploads\/2021\/08\/WhatsApp-Image-2021-08-20-at-08.19.15-1-768x431.jpeg 768w, https:\/\/inces.gob.ve\/wp-content\/uploads\/2021\/08\/WhatsApp-Image-2021-08-20-at-08.19.15-1.jpeg 1280w\" sizes=\"auto, (max-width: 640px) 100vw, 640px\" \/><br \/>\n<span style=\"font-size: 14pt;\">En esta trayectoria el Inces, que comenz\u00f3 con una etapa casi exclusiva de cooperaci\u00f3n para aportar mano de obra calificada al sector privado en diferentes sectores, luego se adapt\u00f3 para acompa\u00f1ar a algunas misiones sociales y finalmente evolucionar hacia una amplia diversificaci\u00f3n que contempla, adem\u00e1s, el trabajo en equipo con diversas instituciones tanto p\u00fablicas como privadas, y la configuraci\u00f3n de diversos programas que atienden a distintos sectores de la poblaci\u00f3n, no solamente dentro de m\u00e1s de 140 centros de formaci\u00f3n Inces, sino en los propios lugares donde se desarrolla directamente el trabajo que mueve el aparato productivo del pa\u00eds.<\/span><\/p>\n<p><span style=\"font-size: 14pt;\">Durante su intervenci\u00f3n en el programa Primero es noticia, el titular de la entidad formativa apunt\u00f3 que en la actualidad el Inces concentra sus esfuerzos en impulsar, siempre dentro del \u00e1mbito de la formaci\u00f3n t\u00e9cnica profesional, la diversificaci\u00f3n del sector productivo y econ\u00f3mico del pa\u00eds para lograr superar definitivamente la independencia y soberan\u00eda en este \u00e1mbito que ha dependido casi exclusivamente del sector petrolero.<\/span><\/p>\n<p><span style=\"font-size: 14pt;\">Por otra parte, Angel Paredes destac\u00f3 que la pandemia plante\u00f3 una oportunidad para que el Inces adelantara el proceso de adaptaci\u00f3n al formato telem\u00e1tico de algunas \u00e1reas de la formaci\u00f3n t\u00e9cnica profesional, con metodolog\u00edas certificadas y aprobadas incluso por organismos multilaterales como la Unesco e implementadas con la orientaci\u00f3n de organismos internacionales que han tenido experiencias exitosas en esta materia.<\/span><\/p>\n<p><img loading=\"lazy\" decoding=\"async\" class=\"alignnone size-full wp-image-39622\" src=\"https:\/\/inces.gob.ve\/wp-content\/uploads\/2021\/08\/WhatsApp-Image-2021-08-20-at-08.19.15-2.jpeg\" alt=\"\" width=\"1000\" height=\"562\" srcset=\"https:\/\/inces.gob.ve\/wp-content\/uploads\/2021\/08\/WhatsApp-Image-2021-08-20-at-08.19.15-2.jpeg 1000w, https:\/\/inces.gob.ve\/wp-content\/uploads\/2021\/08\/WhatsApp-Image-2021-08-20-at-08.19.15-2-300x169.jpeg 300w, https:\/\/inces.gob.ve\/wp-content\/uploads\/2021\/08\/WhatsApp-Image-2021-08-20-at-08.19.15-2-768x432.jpeg 768w\" sizes=\"auto, (max-width: 1000px) 100vw, 1000px\" \/><\/p>\n<p><span style=\"font-size: 14pt;\">En el mencionado espacio difundido por Canal i, el titular del Inces tambi\u00e9n record\u00f3 que la instituci\u00f3n formativa trabaja junto con las entidades gubernamentales competentes para mejorar la calidad y facilitar el acceso a la poblaci\u00f3n de los servicios p\u00fablicos, por medio de programas de formaci\u00f3n t\u00e9cnica profesional en las \u00e1reas involucradas en este sector y la certificaci\u00f3n de saberes de los equipos que trabajan en las brigadas creadas y designadas para optimizar el funcionamiento de los servicios b\u00e1sicos, principalmente agua y electricidad.<\/span><\/p>\n<p><span style=\"font-size: 14pt;\">En otro orden de ideas, el invitado especial al programa matutino anticip\u00f3 parte de la agenda contextualizada en el aniversario n\u00famero 62 del Inces que contempla, entre otras actividades, un encuentro con otras organizaciones gubernamentales en Campo Carabobo, para establecer las competencias de la entidad cumplea\u00f1era en el proceso de convertir ese emblem\u00e1tico espacio en un importante centro tur\u00edstico.<\/span><\/p>\n<p><span style=\"font-size: 14pt;\">Tambi\u00e9n como parte del aniversario del Inces est\u00e1 previsto un encuentro con los medios de comunicaci\u00f3n social, reconocimientos a los trabajadores de la instituci\u00f3n y una certificaci\u00f3n de saberes con el ministerio de aguas en el municipio Sucre, en Caracas, entre otros eventos.<\/span><\/p>\n","protected":false},"excerpt":{"rendered":"<p>**El presidente de la instituci\u00f3n, Wuikelman Angel Paredes, fue invitado al programa Primero es noticia, de Canal i, a prop\u00f3sito de los 62 a\u00f1os de la entidad formativa<\/p>\n","protected":false},"author":4,"featured_media":39619,"comment_status":"closed","ping_status":"closed","sticky":false,"template":"","format":"standard","meta":{"footnotes":""},"categories":[2],"tags":[],"class_list":["post-39618","post","type-post","status-publish","format-standard","has-post-thumbnail","hentry","category-blog"],"_links":{"self":[{"href":"https:\/\/inces.gob.ve\/index.php\/wp-json\/wp\/v2\/posts\/39618","targetHints":{"allow":["GET"]}}],"collection":[{"href":"https:\/\/inces.gob.ve\/index.php\/wp-json\/wp\/v2\/posts"}],"about":[{"href":"https:\/\/inces.gob.ve\/index.php\/wp-json\/wp\/v2\/types\/post"}],"author":[{"embeddable":true,"href":"https:\/\/inces.gob.ve\/index.php\/wp-json\/wp\/v2\/users\/4"}],"replies":[{"embeddable":true,"href":"https:\/\/inces.gob.ve\/index.php\/wp-json\/wp\/v2\/comments?post=39618"}],"version-history":[{"count":2,"href":"https:\/\/inces.gob.ve\/index.php\/wp-json\/wp\/v2\/posts\/39618\/revisions"}],"predecessor-version":[{"id":39624,"href":"https:\/\/inces.gob.ve\/index.php\/wp-json\/wp\/v2\/posts\/39618\/revisions\/39624"}],"wp:featuredmedia":[{"embeddable":true,"href":"https:\/\/inces.gob.ve\/index.php\/wp-json\/wp\/v2\/media\/39619"}],"wp:attachment":[{"href":"https:\/\/inces.gob.ve\/index.php\/wp-json\/wp\/v2\/media?parent=39618"}],"wp:term":[{"taxonomy":"category","embeddable":true,"href":"https:\/\/inces.gob.ve\/index.php\/wp-json\/wp\/v2\/categories?post=39618"},{"taxonomy":"post_tag","embeddable":true,"href":"https:\/\/inces.gob.ve\/index.php\/wp-json\/wp\/v2\/tags?post=39618"}],"curies":[{"name":"wp","href":"https:\/\/api.w.org\/{rel}","templated":true}]}}