{"id":39630,"date":"2021-08-22T11:15:07","date_gmt":"2021-08-22T15:15:07","guid":{"rendered":"https:\/\/inces.gob.ve\/?p=39630"},"modified":"2021-08-22T11:15:07","modified_gmt":"2021-08-22T15:15:07","slug":"inces-celebra-su-62-aniversario-con-buenas-noticias-para-el-pueblo","status":"publish","type":"post","link":"https:\/\/inces.gob.ve\/index.php\/2021\/08\/22\/inces-celebra-su-62-aniversario-con-buenas-noticias-para-el-pueblo\/","title":{"rendered":"Inces celebra su 62 aniversario con buenas noticias para el pueblo"},"content":{"rendered":"<p style=\"text-align: justify;\"><span style=\"font-size: 14pt;\"><em><strong>** La instituci\u00f3n tiene preparado un anunci\u00f3 que cambiar\u00e1 la historia de la formaci\u00f3n profesional del pa\u00eds<\/strong><\/em><!--more--><\/span><\/p>\n<p style=\"text-align: justify;\"><strong><span style=\"font-size: 14pt;\">PRENSA INCES<\/span><\/strong><\/p>\n<p style=\"text-align: justify;\">\n<span style=\"font-size: 14pt;\">El Instituto Nacional de Capacitaci\u00f3n y Educaci\u00f3n Socialista (Inces) cumple este 22 de agosto 62 a\u00f1os, y para celebrarlo, tiene programada una serie de actividades pensadas para satisfacer las necesidades formativas y productivas de la naci\u00f3n.<\/span><\/p>\n<p>&nbsp;<\/p>\n<p style=\"text-align: justify;\"><span style=\"font-size: 14pt;\">En su semana aniversario, el Inces firmar\u00e1 tres convenios formativos para beneficiar a los trabajadores de Cantv, Corpoelec y Mintur; acci\u00f3n que redundar\u00e1 en la mejora de los servicios de telecomunicaciones, energ\u00eda el\u00e9ctrica y turismo.<\/span><\/p>\n<p>&nbsp;<\/p>\n<p style=\"text-align: justify;\"><span style=\"font-size: 14pt;\">Asimismo, se desplegar\u00e1 en varios estados del pa\u00eds un plan de acreditaci\u00f3n y certificaci\u00f3n de saberes, con especial atenci\u00f3n en las Brigadas Comunales de Atenci\u00f3n de las Aguas y de la Fuerza de Tarea Especial de Salud Dr. Jos\u00e9 Gregorio Hern\u00e1ndez; tambi\u00e9n se reconocer\u00e1n los conocimiento de un grupo de pescadores del estado La Guaira.<\/span><\/p>\n<p>&nbsp;<\/p>\n<p style=\"text-align: justify;\"><span style=\"font-size: 14pt;\">En materia internacional, los d\u00edas mi\u00e9rcoles 25 y jueves 26 de agosto, se celebrar\u00e1 un Webinar con pa\u00edses miembros de la Asociaci\u00f3n de Pa\u00edses del Sudeste Asi\u00e1tico (Asean), con quienes se espera estrechar lazos de cooperaci\u00f3n e intercambio.<\/span><\/p>\n<p>&nbsp;<\/p>\n<p style=\"text-align: justify;\"><span style=\"font-size: 14pt;\">Durante toda la semana, el Inces ha estado publicando en sus redes sociales una campa\u00f1a de intriga que ser\u00e1 develada este lunes. Al momento, solo se sabe que tiene que ver con el proceso de digitalizaci\u00f3n de la instituci\u00f3n formativa.<\/span><\/p>\n<p>&nbsp;<\/p>\n<p style=\"text-align: justify;\"><span style=\"font-size: 14pt;\">A lo interno, en todo el pa\u00eds, la juventud que se forma en el Inces estar\u00e1 disputando la copa 62 aniversario en diversas disciplinas, mientras que el viernes 27, trabajadores y trabajadoras recibir\u00e1n bot\u00f3n por a\u00f1os de servicios, en actos simb\u00f3licos regionales y cumpliendo todas las medidas de bioseguridad.<\/span><\/p>\n","protected":false},"excerpt":{"rendered":"<p>** La instituci\u00f3n tiene preparado un anunci\u00f3 que cambiar\u00e1 la historia de la formaci\u00f3n profesional del pa\u00eds<\/p>\n","protected":false},"author":4,"featured_media":39631,"comment_status":"closed","ping_status":"closed","sticky":false,"template":"","format":"standard","meta":{"footnotes":""},"categories":[2],"tags":[],"class_list":["post-39630","post","type-post","status-publish","format-standard","has-post-thumbnail","hentry","category-blog"],"_links":{"self":[{"href":"https:\/\/inces.gob.ve\/index.php\/wp-json\/wp\/v2\/posts\/39630","targetHints":{"allow":["GET"]}}],"collection":[{"href":"https:\/\/inces.gob.ve\/index.php\/wp-json\/wp\/v2\/posts"}],"about":[{"href":"https:\/\/inces.gob.ve\/index.php\/wp-json\/wp\/v2\/types\/post"}],"author":[{"embeddable":true,"href":"https:\/\/inces.gob.ve\/index.php\/wp-json\/wp\/v2\/users\/4"}],"replies":[{"embeddable":true,"href":"https:\/\/inces.gob.ve\/index.php\/wp-json\/wp\/v2\/comments?post=39630"}],"version-history":[{"count":1,"href":"https:\/\/inces.gob.ve\/index.php\/wp-json\/wp\/v2\/posts\/39630\/revisions"}],"predecessor-version":[{"id":39632,"href":"https:\/\/inces.gob.ve\/index.php\/wp-json\/wp\/v2\/posts\/39630\/revisions\/39632"}],"wp:featuredmedia":[{"embeddable":true,"href":"https:\/\/inces.gob.ve\/index.php\/wp-json\/wp\/v2\/media\/39631"}],"wp:attachment":[{"href":"https:\/\/inces.gob.ve\/index.php\/wp-json\/wp\/v2\/media?parent=39630"}],"wp:term":[{"taxonomy":"category","embeddable":true,"href":"https:\/\/inces.gob.ve\/index.php\/wp-json\/wp\/v2\/categories?post=39630"},{"taxonomy":"post_tag","embeddable":true,"href":"https:\/\/inces.gob.ve\/index.php\/wp-json\/wp\/v2\/tags?post=39630"}],"curies":[{"name":"wp","href":"https:\/\/api.w.org\/{rel}","templated":true}]}}