{"id":39640,"date":"2021-08-24T12:05:20","date_gmt":"2021-08-24T16:05:20","guid":{"rendered":"https:\/\/inces.gob.ve\/?p=39640"},"modified":"2021-08-24T12:05:20","modified_gmt":"2021-08-24T16:05:20","slug":"venezuela-y-tonga-estrechan-lazos-de-cooperacion-en-materia-de-capacitacion-y-formacion-tecnica","status":"publish","type":"post","link":"https:\/\/inces.gob.ve\/index.php\/2021\/08\/24\/venezuela-y-tonga-estrechan-lazos-de-cooperacion-en-materia-de-capacitacion-y-formacion-tecnica\/","title":{"rendered":"Venezuela y Tonga estrechan lazos de cooperaci\u00f3n en materia de capacitaci\u00f3n y formaci\u00f3n t\u00e9cnica"},"content":{"rendered":"<p><span style=\"font-size: 14pt;\"><em><strong>**Durante el encuentro se evaluaron los acuerdos entre ambas naciones y se consider\u00f3 la posibilidad de realizar intercambios de saberes entre el Inces e instituciones hom\u00f3logas<\/strong><\/em><!--more--><\/span><\/p>\n<p>&nbsp;<\/p>\n<p><span style=\"font-size: 14pt;\">El pasado lunes, el embajador designado del Reino de Tonga con concurrencia en la Rep\u00fablica Bolivariana de Venezuela, Viliami Va\u2019inga Tone, sostuvo un encuentro con la gerente general de Cooperaci\u00f3n Nacional e Internacional del Instituto Nacional de Capacitaci\u00f3n y Educaci\u00f3n Socialista (Inces), Luisa Elena Veloz.<\/span><\/p>\n<p><span style=\"font-size: 14pt;\">Durante el encuentro se evaluaron programas de cooperaci\u00f3n entre ambas naciones en el \u00e1mbito de la educaci\u00f3n, formaci\u00f3n t\u00e9cnica y profesional impulsado por instituciones de capacitaci\u00f3n como el INCES.<\/span><\/p>\n<p><span style=\"font-size: 14pt;\">La gerente de Cooperaci\u00f3n Nacional del INCES se\u00f1al\u00f3 que a prop\u00f3sito de conmemorarse los 62 a\u00f1os de esta instituci\u00f3n se realiz\u00f3 una exposici\u00f3n acerca de su historia y de los programas de formaci\u00f3n que se llevan a cabo en el Instituto.<\/span><\/p>\n<p><span style=\"font-size: 14pt;\">Finalmente, detall\u00f3 que se abord\u00f3 la posibilidad de realizar intercambios de conocimientos entre la Rep\u00fablica a de Venezuela y el Reino de Tonga.<\/span><\/p>\n<p>&nbsp;<\/p>\n<p>Fuente:MPPR \/ Nohem\u00ed Trejo<\/p>\n","protected":false},"excerpt":{"rendered":"<p>**Durante el encuentro se evaluaron los acuerdos entre ambas naciones y se consider\u00f3 la posibilidad de realizar intercambios de saberes entre el Inces e instituciones hom\u00f3logas<\/p>\n","protected":false},"author":4,"featured_media":39641,"comment_status":"closed","ping_status":"closed","sticky":false,"template":"","format":"standard","meta":{"footnotes":""},"categories":[2],"tags":[],"class_list":["post-39640","post","type-post","status-publish","format-standard","has-post-thumbnail","hentry","category-blog"],"_links":{"self":[{"href":"https:\/\/inces.gob.ve\/index.php\/wp-json\/wp\/v2\/posts\/39640","targetHints":{"allow":["GET"]}}],"collection":[{"href":"https:\/\/inces.gob.ve\/index.php\/wp-json\/wp\/v2\/posts"}],"about":[{"href":"https:\/\/inces.gob.ve\/index.php\/wp-json\/wp\/v2\/types\/post"}],"author":[{"embeddable":true,"href":"https:\/\/inces.gob.ve\/index.php\/wp-json\/wp\/v2\/users\/4"}],"replies":[{"embeddable":true,"href":"https:\/\/inces.gob.ve\/index.php\/wp-json\/wp\/v2\/comments?post=39640"}],"version-history":[{"count":2,"href":"https:\/\/inces.gob.ve\/index.php\/wp-json\/wp\/v2\/posts\/39640\/revisions"}],"predecessor-version":[{"id":39643,"href":"https:\/\/inces.gob.ve\/index.php\/wp-json\/wp\/v2\/posts\/39640\/revisions\/39643"}],"wp:featuredmedia":[{"embeddable":true,"href":"https:\/\/inces.gob.ve\/index.php\/wp-json\/wp\/v2\/media\/39641"}],"wp:attachment":[{"href":"https:\/\/inces.gob.ve\/index.php\/wp-json\/wp\/v2\/media?parent=39640"}],"wp:term":[{"taxonomy":"category","embeddable":true,"href":"https:\/\/inces.gob.ve\/index.php\/wp-json\/wp\/v2\/categories?post=39640"},{"taxonomy":"post_tag","embeddable":true,"href":"https:\/\/inces.gob.ve\/index.php\/wp-json\/wp\/v2\/tags?post=39640"}],"curies":[{"name":"wp","href":"https:\/\/api.w.org\/{rel}","templated":true}]}}