{"id":39684,"date":"2021-08-30T00:23:56","date_gmt":"2021-08-30T04:23:56","guid":{"rendered":"https:\/\/inces.gob.ve\/?p=39684"},"modified":"2021-08-29T22:27:37","modified_gmt":"2021-08-30T02:27:37","slug":"guarico-inces-anuncio-el-lanzamiento-de-su-campus-virtual","status":"publish","type":"post","link":"https:\/\/inces.gob.ve\/index.php\/2021\/08\/30\/guarico-inces-anuncio-el-lanzamiento-de-su-campus-virtual\/","title":{"rendered":"GU\u00c1RICO | Inces anunci\u00f3 el lanzamiento de su Campus Virtual\u00a0"},"content":{"rendered":"<p style=\"font-weight: 400; text-align: justify;\"><span style=\"font-size: 14pt;\"><em>****Esta plataforma permitir\u00e1 llevar a un nuevo nivel los procesos de la instituci\u00f3n, haciendo que el pueblo venezolano disponga de mejores herramientas para fortalecer la formaci\u00f3n t\u00e9cnica profesional<\/em><\/span><!--more--><\/p>\n<p>&nbsp;<\/p>\n<p style=\"font-weight: 400; text-align: justify;\"><strong><span style=\"font-size: 14pt;\">JULIO RODR\u00cdGUEZ<\/span><\/strong><\/p>\n<p style=\"font-weight: 400; text-align: justify;\"><span style=\"font-size: 14pt;\">En el marco de su semana aniversario, el Instituto Nacional de Capacitaci\u00f3n y Educaci\u00f3n Socialista realiz\u00f3 el lanzamiento de una plataforma denominada Campus Virtual Inces.\u00a0<\/span><\/p>\n<p>&nbsp;<\/p>\n<p style=\"font-weight: 400; text-align: justify;\"><span style=\"font-size: 14pt;\">As\u00ed lo inform\u00f3 en una rueda de prensa la gerente regional de Inces Gu\u00e1rico, Arisela Medina, quien dijo que esta iniciativa busca profundizar los avances que ha logrado el instituto en materia de formaci\u00f3n a distancia.\u00a0<\/span><\/p>\n<p>&nbsp;<\/p>\n<p style=\"font-weight: 400; text-align: justify;\"><span style=\"font-size: 14pt;\">Medina agreg\u00f3 que el campus virtual desde ya est\u00e1 disponible en el ciberespacio y que cuenta, en una primera fase, con novedosas opciones\u00a0 formativas como Dispositivos, herramientas y aplicaciones de la comunicaci\u00f3n digital, Electricidad en construcci\u00f3n, Edici\u00f3n de p\u00e1ginas web, Habilidades socioemocionales, TIC en la Educaci\u00f3n, Marketing, Herrer\u00eda, Electr\u00f3nica b\u00e1sica, Plan de negocios, entre otras ocupaciones productivas; destacando que contar\u00e1 con herramientas como una biblioteca virtual y otras opciones que facilitar\u00e1n a maestros y participantes interactuar y desarrollar de manera \u00f3ptima los procesos formativos.\u00a0<\/span><\/p>\n<p>&nbsp;<\/p>\n<p style=\"font-weight: 400; text-align: justify;\"><span style=\"font-size: 14pt;\">Por otra parte, Medina resalt\u00f3 que el Inces actualmente tiene una visi\u00f3n transformadora, en consonancia con las necesidades y exigencias del pa\u00eds para poder superar el bloqueo criminal y la cultura dependiente de la renta petrolera, siguiendo los principios rectores de su fundador, Luis Beltr\u00e1n Prieto Figueroa.<\/span><\/p>\n<p>&nbsp;<\/p>\n<p style=\"font-weight: 400; text-align: justify;\"><span style=\"font-size: 14pt;\">Para finalizar la gerente de Inces Gu\u00e1rico felicit\u00f3 a todos los servidores de la instituci\u00f3n que cumple 62 a\u00f1os e inform\u00f3 que durante la semana se estuvieron realizando varias actividades que iniciaron con un tuitazo y en las que se entregaron reconocimientos a los trabajadores, se hicieron foros, jornadas culturales, deportivas y recreativas, acreditaciones, entrega de certificados y jornadas de trabajo voluntario.<\/span><\/p>\n","protected":false},"excerpt":{"rendered":"<p>****Esta plataforma permitir\u00e1 llevar a un nuevo nivel los procesos de la instituci\u00f3n, haciendo que el pueblo venezolano disponga de mejores herramientas para fortalecer la formaci\u00f3n t\u00e9cnica profesional<\/p>\n","protected":false},"author":4,"featured_media":39685,"comment_status":"closed","ping_status":"closed","sticky":false,"template":"","format":"standard","meta":{"footnotes":""},"categories":[2],"tags":[],"class_list":["post-39684","post","type-post","status-publish","format-standard","has-post-thumbnail","hentry","category-blog"],"_links":{"self":[{"href":"https:\/\/inces.gob.ve\/index.php\/wp-json\/wp\/v2\/posts\/39684","targetHints":{"allow":["GET"]}}],"collection":[{"href":"https:\/\/inces.gob.ve\/index.php\/wp-json\/wp\/v2\/posts"}],"about":[{"href":"https:\/\/inces.gob.ve\/index.php\/wp-json\/wp\/v2\/types\/post"}],"author":[{"embeddable":true,"href":"https:\/\/inces.gob.ve\/index.php\/wp-json\/wp\/v2\/users\/4"}],"replies":[{"embeddable":true,"href":"https:\/\/inces.gob.ve\/index.php\/wp-json\/wp\/v2\/comments?post=39684"}],"version-history":[{"count":1,"href":"https:\/\/inces.gob.ve\/index.php\/wp-json\/wp\/v2\/posts\/39684\/revisions"}],"predecessor-version":[{"id":39686,"href":"https:\/\/inces.gob.ve\/index.php\/wp-json\/wp\/v2\/posts\/39684\/revisions\/39686"}],"wp:featuredmedia":[{"embeddable":true,"href":"https:\/\/inces.gob.ve\/index.php\/wp-json\/wp\/v2\/media\/39685"}],"wp:attachment":[{"href":"https:\/\/inces.gob.ve\/index.php\/wp-json\/wp\/v2\/media?parent=39684"}],"wp:term":[{"taxonomy":"category","embeddable":true,"href":"https:\/\/inces.gob.ve\/index.php\/wp-json\/wp\/v2\/categories?post=39684"},{"taxonomy":"post_tag","embeddable":true,"href":"https:\/\/inces.gob.ve\/index.php\/wp-json\/wp\/v2\/tags?post=39684"}],"curies":[{"name":"wp","href":"https:\/\/api.w.org\/{rel}","templated":true}]}}