{"id":39715,"date":"2021-08-31T09:43:05","date_gmt":"2021-08-31T13:43:05","guid":{"rendered":"https:\/\/inces.gob.ve\/?p=39715"},"modified":"2021-08-31T09:43:05","modified_gmt":"2021-08-31T13:43:05","slug":"trujillo-inces-graduo-bachilleres-con-perfil-productivo","status":"publish","type":"post","link":"https:\/\/inces.gob.ve\/index.php\/2021\/08\/31\/trujillo-inces-graduo-bachilleres-con-perfil-productivo\/","title":{"rendered":"TRUJILLO | Inces gradu\u00f3 bachilleres con perfil productivo"},"content":{"rendered":"<p style=\"text-align: justify;\" align=\"justify\"><em><strong><span style=\"font-size: 14pt;\">** El ep\u00f3nimo seleccionado fue el profesor Arist\u00f3bulo Isturiz, quien se inspiraba en lineamientos fundamentales como el fortalecimiento y la vigorizaci\u00f3n del sistema educativo basado en la nueva estrategia nacional que permit\u00eda la inclusi\u00f3n de la comunidad<\/span><\/strong><\/em><!--more--><\/p>\n<p align=\"justify\">\n<p style=\"text-align: justify;\" align=\"justify\"><strong><span style=\"font-size: 14pt;\">MAR\u00cdA CABRERA<\/span><\/strong><\/p>\n<p style=\"text-align: justify;\" align=\"justify\"><span style=\"font-size: 14pt;\">La fiesta por los 62 a\u00f1os de Aniversario del Inces contin\u00faa. En esta ocasi\u00f3n con la graduaci\u00f3n XXVI promoci\u00f3n de bachilleres productivos \u201c1946-2021 profesor Arist\u00f3bulo Isturiz, Insigne Maestro de la Patria\u201d evento que se llev\u00f3 a cabo en el Centro de Formaci\u00f3n Socialista \u201cAli Primera\u201d en horas de la ma\u00f1ana.<\/span><\/p>\n<p align=\"justify\">\n<p style=\"text-align: justify;\" align=\"justify\"><span style=\"font-size: 14pt;\">A la cita con los familiares y graduando asistieron las autoridades de la Zona Educativa Siulen Andrade, coordinadora de modalidad de adultas y adultos y Alexis Brice\u00f1o, jefe de la zona de supervisi\u00f3n quienes fueron invitados por la coordinadora de la Unidad Educativa Inces-Trujillo, Solymar Morillo.<\/span><\/p>\n<p align=\"justify\">\n<p style=\"text-align: justify;\" align=\"justify\"><span style=\"font-size: 14pt;\">El acto se inici\u00f3 con la entrada de las autoridades regionales, quienes le dieron paso al bachiller, Stefanny Brice\u00f1o quien hizo la solicitud de conferimiento de t\u00edtulos con perfil productivos modalidad de estudio \u00fanica en la entidad donde se le acredita y certifica a los participantes los conocimientos por experiencias, basado en la complementariedad de saberes y haceres a trav\u00e9s de la aplicaci\u00f3n de varias estrategias de ense\u00f1anzas y aprendizajes.<\/span><\/p>\n<p align=\"justify\">\n<p style=\"text-align: justify;\" align=\"justify\"><span style=\"font-size: 14pt;\">El tal sentido el Inces Trujillo a trav\u00e9s de la Unidad Educativa a atendido a 297 participantes en los municipios Valera, Carvajal, Carache, Sucre, Campo Elias, Andr\u00e9s Bello y Bocon\u00f3; lo cual demuestra la cobertura del organismo dentro de la entidad en solo ese programa. De igual forma, el Inces-Trujillo registra 104 bachilleres en esta modalidad productiva entre 2020-2021 en los municipios Valera, Carvajal, Carache,Sucre,Campo El\u00edas y Bocon\u00f3.<\/span><\/p>\n<p align=\"justify\">\n<p style=\"text-align: justify;\" align=\"justify\"><span style=\"font-size: 14pt;\">Por eso, empresas como Mercal, alcald\u00eda de Valera, Hidroanades, Policia Nacional, Liceo Rafael Rangel, Milicia Bolivariana y Asociados Segovia Betancourt, quienes pueden dar testimonio de los progresos obtenidos por los bachilleres con perfil productivo quienes se suman a la celebraci\u00f3n por los 62 a\u00f1os de creaci\u00f3n del Inces al servicio de la colectividad.<\/span><\/p>\n<p align=\"justify\">\n<p style=\"text-align: justify;\" align=\"justify\"><span style=\"font-size: 14pt;\">Sobre el ep\u00f3nimo de la promoci\u00f3n, es decir, Arist\u00f3bulo Isturiz se inspiraba en lineamientos fundamentales como el fortalecimiento y la vigorizaci\u00f3n del sistema educativo basado en la nueva estrategia nacional que permit\u00eda la inclusi\u00f3n de la comunidad sin ning\u00fan tipo de distingos y orientado a la formaci\u00f3n de republicanos, concepci\u00f3n de nuestro padre Sim\u00f3n Bol\u00edvar.<\/span><\/p>\n<p align=\"justify\">\n<p style=\"text-align: justify;\" align=\"justify\"><span style=\"font-size: 14pt;\">Raz\u00f3n por la cual, la Unidad Educativa de Inces Trujillo lo selecciona como el ep\u00f3nimo de su promoci\u00f3n, pues es del conocimiento p\u00fablico que Isturiz en sus discursos, clases y escritos contribuy\u00e9 a nuestra preparaci\u00f3n para un mayor fortalecimiento en el aspecto social, econ\u00f3mico y pol\u00edtico de nuestro pa\u00eds.<\/span><\/p>\n","protected":false},"excerpt":{"rendered":"<p>** El ep\u00f3nimo seleccionado fue el profesor Arist\u00f3bulo Isturiz, quien se inspiraba en lineamientos fundamentales como el fortalecimiento y la vigorizaci\u00f3n del sistema educativo basado en la nueva estrategia nacional que permit\u00eda la inclusi\u00f3n de la comunidad<\/p>\n","protected":false},"author":4,"featured_media":39716,"comment_status":"closed","ping_status":"closed","sticky":false,"template":"","format":"standard","meta":{"footnotes":""},"categories":[2],"tags":[],"class_list":["post-39715","post","type-post","status-publish","format-standard","has-post-thumbnail","hentry","category-blog"],"_links":{"self":[{"href":"https:\/\/inces.gob.ve\/index.php\/wp-json\/wp\/v2\/posts\/39715","targetHints":{"allow":["GET"]}}],"collection":[{"href":"https:\/\/inces.gob.ve\/index.php\/wp-json\/wp\/v2\/posts"}],"about":[{"href":"https:\/\/inces.gob.ve\/index.php\/wp-json\/wp\/v2\/types\/post"}],"author":[{"embeddable":true,"href":"https:\/\/inces.gob.ve\/index.php\/wp-json\/wp\/v2\/users\/4"}],"replies":[{"embeddable":true,"href":"https:\/\/inces.gob.ve\/index.php\/wp-json\/wp\/v2\/comments?post=39715"}],"version-history":[{"count":1,"href":"https:\/\/inces.gob.ve\/index.php\/wp-json\/wp\/v2\/posts\/39715\/revisions"}],"predecessor-version":[{"id":39717,"href":"https:\/\/inces.gob.ve\/index.php\/wp-json\/wp\/v2\/posts\/39715\/revisions\/39717"}],"wp:featuredmedia":[{"embeddable":true,"href":"https:\/\/inces.gob.ve\/index.php\/wp-json\/wp\/v2\/media\/39716"}],"wp:attachment":[{"href":"https:\/\/inces.gob.ve\/index.php\/wp-json\/wp\/v2\/media?parent=39715"}],"wp:term":[{"taxonomy":"category","embeddable":true,"href":"https:\/\/inces.gob.ve\/index.php\/wp-json\/wp\/v2\/categories?post=39715"},{"taxonomy":"post_tag","embeddable":true,"href":"https:\/\/inces.gob.ve\/index.php\/wp-json\/wp\/v2\/tags?post=39715"}],"curies":[{"name":"wp","href":"https:\/\/api.w.org\/{rel}","templated":true}]}}