{"id":39727,"date":"2021-08-31T14:41:44","date_gmt":"2021-08-31T18:41:44","guid":{"rendered":"https:\/\/inces.gob.ve\/?p=39727"},"modified":"2021-08-31T14:41:44","modified_gmt":"2021-08-31T18:41:44","slug":"aragua-la-galeria-virtual-de-muestras-productivas-visibiliza-el-saber-popular","status":"publish","type":"post","link":"https:\/\/inces.gob.ve\/index.php\/2021\/08\/31\/aragua-la-galeria-virtual-de-muestras-productivas-visibiliza-el-saber-popular\/","title":{"rendered":"ARAGUA | La Galer\u00eda Virtual de Muestras Productivas visibiliza el saber popular"},"content":{"rendered":"<p style=\"text-align: justify;\"><em><strong><span style=\"font-size: 14pt;\">** Brindando el acompa\u00f1amiento necesario para el impulso de futuros proyectos productivos, servimos de multiplicador del impulso econ\u00f3mico del Pa\u00eds<\/span><\/strong><\/em><\/p>\n<p><!--more--><\/p>\n<p style=\"text-align: justify;\">\n<strong><span style=\"font-size: 18.6667px;\">NINOSKA PATRIZ<\/span><\/strong><br \/>\n<span style=\"font-size: 14pt;\">Desde el Inces Regi\u00f3n Aragua y sus diferentes Centros de Formaci\u00f3n Socialistas del territorio, siguiendo las l\u00edneas de desarrollo econ\u00f3mico establecidas por el gobierno nacional, desde nuestro presidente Nicol\u00e1s Maduro y el titular del Inces, Wuikelman Angel Paredes, demostramos nuestras fortalezas con la \u201cGaler\u00eda Virtual de Muestras Productivas\u201d.\u00a0 <\/span><\/p>\n<p>&nbsp;<\/p>\n<p style=\"text-align: justify;\"><span style=\"font-size: 14pt;\">De este modo, durante la recopilaci\u00f3n de material gr\u00e1fico se tuvo la oportunidad de compartir las diversas experiencias\u00a0 desarrolladas durante la pandemia en torno a la educaci\u00f3n a distancia.<\/span><\/p>\n<p><span style=\"font-size: 14pt;\">As\u00ed mismo, la actividad cont\u00f3 con la participaci\u00f3n del personal de los Centros de Formaci\u00f3n Socialista de toda la Regi\u00f3n, sus participantes, maestros y colaboradores.\u00a0 El objetivo fue visibilizar el avance progresivo de la visi\u00f3n pedag\u00f3gica que promueve la educaci\u00f3n vinculada con la producci\u00f3n y el desarrollo de la educaci\u00f3n a distancia.<\/span><\/p>\n<p><span style=\"font-size: 14pt;\">\u201cLa Galer\u00eda Virtual de Muestras Productivas est\u00e1 compuesta en base al trabajo socializado, presentado por nuestros emprendedores, provenientes de los 16.803 participantes egresados en Cursos y Talleres Formativos y los 5.124 usuarios acreditados en sus saberes emp\u00edricos, desde formaciones a distancia saltando el obst\u00e1culo de la Pandemia\u201d, explic\u00f3 Yelitza Rodr\u00edguez, Jefa de Formaci\u00f3n Profesional del Inces Regi\u00f3n Aragua.<\/span><\/p>\n<p><span style=\"font-size: 14pt;\">Entre las muestras productivas observamos: Elaboraci\u00f3n de pasapalos, Cocina dom\u00e9stica, Reposter\u00eda, Costura (en diversos oficios), Dulcer\u00eda criolla y Turismo, Servicios varios, Est\u00e9tica y Belleza, Peluquer\u00eda, Seguridad en el ambiente de trabajo, Motor agroalimentario, agrofarmac\u00e9utico y muchas otras \u00e1reas m\u00e1s.<\/span><\/p>\n<p><span style=\"font-size: 14pt;\">\u201cHoy damos gracias a nuestros estudiantes, participantes, maestros, as\u00ed como sus familias por celebrar junto a nosotros estos 62 a\u00f1os del\u00a0 Inces. Cada uno de ellos han sido un gran apoyo para el desarrollo de las actividades a distancia. Ahora con fuerza y capacidad productiva avanzamos en la nueva etapa digital y nos empoderamos del espacio virtual, para seguir llevando herramientas de formaci\u00f3n productiva para el crecimiento econ\u00f3mico en cada rinc\u00f3n del pa\u00eds\u201d, coment\u00f3 la jefa de Formaci\u00f3n Profesional.<\/span><\/p>\n","protected":false},"excerpt":{"rendered":"<p>** Brindando el acompa\u00f1amiento necesario para el impulso de futuros proyectos productivos, servimos de multiplicador del impulso econ\u00f3mico del Pa\u00eds<\/p>\n","protected":false},"author":4,"featured_media":39728,"comment_status":"closed","ping_status":"closed","sticky":false,"template":"","format":"standard","meta":{"footnotes":""},"categories":[2],"tags":[],"class_list":["post-39727","post","type-post","status-publish","format-standard","has-post-thumbnail","hentry","category-blog"],"_links":{"self":[{"href":"https:\/\/inces.gob.ve\/index.php\/wp-json\/wp\/v2\/posts\/39727","targetHints":{"allow":["GET"]}}],"collection":[{"href":"https:\/\/inces.gob.ve\/index.php\/wp-json\/wp\/v2\/posts"}],"about":[{"href":"https:\/\/inces.gob.ve\/index.php\/wp-json\/wp\/v2\/types\/post"}],"author":[{"embeddable":true,"href":"https:\/\/inces.gob.ve\/index.php\/wp-json\/wp\/v2\/users\/4"}],"replies":[{"embeddable":true,"href":"https:\/\/inces.gob.ve\/index.php\/wp-json\/wp\/v2\/comments?post=39727"}],"version-history":[{"count":1,"href":"https:\/\/inces.gob.ve\/index.php\/wp-json\/wp\/v2\/posts\/39727\/revisions"}],"predecessor-version":[{"id":39729,"href":"https:\/\/inces.gob.ve\/index.php\/wp-json\/wp\/v2\/posts\/39727\/revisions\/39729"}],"wp:featuredmedia":[{"embeddable":true,"href":"https:\/\/inces.gob.ve\/index.php\/wp-json\/wp\/v2\/media\/39728"}],"wp:attachment":[{"href":"https:\/\/inces.gob.ve\/index.php\/wp-json\/wp\/v2\/media?parent=39727"}],"wp:term":[{"taxonomy":"category","embeddable":true,"href":"https:\/\/inces.gob.ve\/index.php\/wp-json\/wp\/v2\/categories?post=39727"},{"taxonomy":"post_tag","embeddable":true,"href":"https:\/\/inces.gob.ve\/index.php\/wp-json\/wp\/v2\/tags?post=39727"}],"curies":[{"name":"wp","href":"https:\/\/api.w.org\/{rel}","templated":true}]}}