{"id":39730,"date":"2021-08-31T01:28:02","date_gmt":"2021-08-31T05:28:02","guid":{"rendered":"https:\/\/inces.gob.ve\/?p=39730"},"modified":"2021-08-31T16:28:12","modified_gmt":"2021-08-31T20:28:12","slug":"miranda-el-cfs-industrial-textil-realizo-exposicion-y-desfile-de-moda","status":"publish","type":"post","link":"https:\/\/inces.gob.ve\/index.php\/2021\/08\/31\/miranda-el-cfs-industrial-textil-realizo-exposicion-y-desfile-de-moda\/","title":{"rendered":"MIRANDA | El CFS Industrial Textil realiz\u00f3 exposici\u00f3n y desfile de moda"},"content":{"rendered":"<div dir=\"auto\" style=\"text-align: justify;\"><span style=\"font-size: 14pt;\">Como parte del 62 aniversario el Inces, en Miranda se realiz\u00f3 un desfile de moda y exposici\u00f3n en el centro de formaci\u00f3n socialista Textil.<\/span><\/div>\n<div dir=\"auto\"><\/div>\n<div dir=\"auto\" style=\"text-align: justify;\"><span style=\"font-size: 14pt;\">Al respecto, el gerente regional Erick Vera, junto a la jefa de centro Eleonor Ramirez, el equipo de maestros t\u00e9cnicos productivos y participantes, realizaron esta actividad exhibiendo las muestras productivas con prendas confeccionadas como bragas, vestidos de gala, filipinas con su delantal, camisas para damas y caballeros y uniformes escolares que se elaboraron en el proceso de confecci\u00f3n en el centro textil, productos del esfuerzo de los maestros t\u00e9cnicos productivos de forma Online.<\/span><\/div>\n<div dir=\"auto\"><\/div>\n<div dir=\"auto\" style=\"text-align: justify;\"><\/div>\n<div dir=\"auto\" style=\"text-align: justify;\"><span style=\"font-size: 14pt;\">Se llev\u00f3 a cabo en la instalaciones del CFS Textil, ubicado en Los Cortijos de Lourdes, en el municipio Sucre.<\/span><\/div>\n<div dir=\"auto\"><\/div>\n<div dir=\"auto\" style=\"text-align: justify;\"><\/div>\n<div dir=\"auto\" style=\"text-align: justify;\"><span style=\"font-size: 14pt;\">\u201cEsto es el fruto del producto de la formaci\u00f3n. Es un ejemplo palpable de lo que es emprendimiento productivo del Inces a trav\u00e9s de la formaci\u00f3n t\u00e9cnica profesional con el lema formar produciendo-producir formando\u201d, destac\u00f3 el gerente regional Erick Vera.<\/span><\/div>\n<div dir=\"auto\"><\/div>\n<div dir=\"auto\" style=\"text-align: justify;\"><\/div>\n<div dir=\"auto\" style=\"text-align: justify;\"><span style=\"font-size: 14pt;\">La participante Rudy Castellano detall\u00f3: \u201cLlegu\u00e9 como aprendiz sin tener conocimientos y despu\u00e9s de 4 a\u00f1os los resultados fueron dando fruto, cuento con una marca de ropa \u00edntima y pijama llamada Rudyninyari C.A, adem\u00e1s cuento con un taller de costura y m\u00e1quinas industriales con capacidad de producir. Estoy agradecida por el aprendizaje y el acompa\u00f1amiento que las profesoras han hecho con todo su esfuerzo, apoyo y constancia para lograr resultados como este d\u00eda que estamos mostrando en el desfile\u201d.<\/span><\/div>\n<div class=\"yj6qo\" style=\"text-align: justify;\"><\/div>\n<div class=\"adL\" dir=\"auto\" style=\"text-align: justify;\"><\/div>\n","protected":false},"excerpt":{"rendered":"<p>Como parte del 62 aniversario el Inces, en Miranda se realiz\u00f3 un desfile de moda y exposici\u00f3n en el centro de formaci\u00f3n socialista Textil. Al respecto, el gerente regional Erick Vera, junto a la jefa de centro Eleonor Ramirez, el equipo de maestros t\u00e9cnicos productivos y participantes, realizaron esta actividad exhibiendo las muestras productivas con [&hellip;]<\/p>\n","protected":false},"author":4,"featured_media":39731,"comment_status":"closed","ping_status":"closed","sticky":false,"template":"","format":"standard","meta":{"footnotes":""},"categories":[2],"tags":[],"class_list":["post-39730","post","type-post","status-publish","format-standard","has-post-thumbnail","hentry","category-blog"],"_links":{"self":[{"href":"https:\/\/inces.gob.ve\/index.php\/wp-json\/wp\/v2\/posts\/39730","targetHints":{"allow":["GET"]}}],"collection":[{"href":"https:\/\/inces.gob.ve\/index.php\/wp-json\/wp\/v2\/posts"}],"about":[{"href":"https:\/\/inces.gob.ve\/index.php\/wp-json\/wp\/v2\/types\/post"}],"author":[{"embeddable":true,"href":"https:\/\/inces.gob.ve\/index.php\/wp-json\/wp\/v2\/users\/4"}],"replies":[{"embeddable":true,"href":"https:\/\/inces.gob.ve\/index.php\/wp-json\/wp\/v2\/comments?post=39730"}],"version-history":[{"count":1,"href":"https:\/\/inces.gob.ve\/index.php\/wp-json\/wp\/v2\/posts\/39730\/revisions"}],"predecessor-version":[{"id":39732,"href":"https:\/\/inces.gob.ve\/index.php\/wp-json\/wp\/v2\/posts\/39730\/revisions\/39732"}],"wp:featuredmedia":[{"embeddable":true,"href":"https:\/\/inces.gob.ve\/index.php\/wp-json\/wp\/v2\/media\/39731"}],"wp:attachment":[{"href":"https:\/\/inces.gob.ve\/index.php\/wp-json\/wp\/v2\/media?parent=39730"}],"wp:term":[{"taxonomy":"category","embeddable":true,"href":"https:\/\/inces.gob.ve\/index.php\/wp-json\/wp\/v2\/categories?post=39730"},{"taxonomy":"post_tag","embeddable":true,"href":"https:\/\/inces.gob.ve\/index.php\/wp-json\/wp\/v2\/tags?post=39730"}],"curies":[{"name":"wp","href":"https:\/\/api.w.org\/{rel}","templated":true}]}}