{"id":39768,"date":"2021-09-02T12:17:25","date_gmt":"2021-09-02T16:17:25","guid":{"rendered":"https:\/\/inces.gob.ve\/?p=39768"},"modified":"2021-09-02T12:17:25","modified_gmt":"2021-09-02T16:17:25","slug":"nueva-esparta-el-inces-regional-homenajeo-a-sus-trabajadores-por-anos-de-servicio","status":"publish","type":"post","link":"https:\/\/inces.gob.ve\/index.php\/2021\/09\/02\/nueva-esparta-el-inces-regional-homenajeo-a-sus-trabajadores-por-anos-de-servicio\/","title":{"rendered":"NUEVA ESPARTA | EL Inces regional homenaje\u00f3 a sus trabajadores por a\u00f1os de servicio"},"content":{"rendered":"<p style=\"text-align: justify;\"><span style=\"font-size: 14pt;\"><strong><em>**Lustros de entrega a la formaci\u00f3n de nuestro pueblo productor<\/em><\/strong><\/span><!--more--><\/p>\n<p>&nbsp;<\/p>\n<p style=\"text-align: justify;\"><span style=\"font-size: 14pt;\"><strong>ELEITA C\u00c9SPEDES DE ANTEPAZ<\/strong><\/span><\/p>\n<p style=\"text-align: justify;\"><span style=\"font-size: 14pt;\">En un muy emotivo acto celebrado en el centro de formaci\u00f3n socialista (CFS) Guaraguao, en la Isla de Margarita, como parte de los 62 a\u00f1os del Inces, un grupo de trabajadores de esta instituci\u00f3n recibieron sus botones y reconocimientos por cinco, diez, quince, veinte, veinticinco y treinta a\u00f1os de servicio respectivamente, consagrados a laborar en esta insigne casa dedicada a la formaci\u00f3n t\u00e9cnica de todos los venezolanos deseosos de formar produciendo y producir formando.<\/span><\/p>\n<p style=\"text-align: justify;\">\n<p style=\"text-align: justify;\"><span style=\"font-size: 14pt;\">Entre los homenajeados por m\u00e1s quinquenios transcurridos en la instituci\u00f3n destacamos los casos de Jos\u00e9 Zorrilla, Carlos Vel\u00e1squez, Jos\u00e9 Noriega, con 30 a\u00f1os y Zulena Valdivieso, 25 a\u00f1os, quienes al igual que el resto de este grupo han dado lo mejor de s\u00ed en cada tarea encomendada, en beneficio de la gran cantidad de participantes que durante m\u00e1s de 60 a\u00f1os han visitado nuestras aulas y ambientes de ense\u00f1anza para adquirir y compartir el conocimiento o para certificar sus saberes ancestrales, sus experiencias de vida.<\/span><\/p>\n<p style=\"text-align: justify;\">\n<p style=\"text-align: justify;\"><span style=\"font-size: 14pt;\">\u201cCompa\u00f1eros del Inces, somos una gran familia. Hemos hecho un tremendo trabajo todos estos a\u00f1os. En esta semana aniversario les doy las gracias, felicitaciones porque ustedes lo han hecho excelente. Reciban este reconocimiento por parte de la instituci\u00f3n a ese trabajo que cada uno hace, a todos vaya mi reconocimiento en el d\u00eda de hoy y un fuerte aplauso porque ustedes se lo merecen y nuestro pueblo lo reconoce cada d\u00eda, porque los han atendido con amor. Muchas gracias trabajadores del Inces Nueva Esparta\u201d, manifest\u00f3 con entusiasmo Alex Andarcia, Gerente Regional del Inces.<\/span><\/p>\n<p style=\"text-align: justify;\">\n<p style=\"text-align: justify;\"><span style=\"font-size: 14pt;\">En nombre de los homenajeados habl\u00f3 Carlos Vel\u00e1squez, quien con sus 30 a\u00f1os de entrega y dedicaci\u00f3n al Inces indic\u00f3 que se dice f\u00e1cil, pero son muchos a\u00f1os de dedicaci\u00f3n a la formaci\u00f3n en esta gran familia, muchas vivencias y logros importantes, \u201chemos conocido y compartido con muchas personas. Me siento orgulloso de pertenecer a esta instituci\u00f3n\u201d.<\/span><\/p>\n<p style=\"text-align: justify;\">\n<p style=\"text-align: justify;\"><span style=\"font-size: 14pt;\">El organizador del evento y Jefe la Divisi\u00f3n de Talento Humano, Ismel Narv\u00e1ez, mostr\u00f3 su complacencia al poder compartir con tan excelsos hombres y mujeres en su gesti\u00f3n diaria y agradeci\u00f3 y felicit\u00f3 a todos los agasajados por su loable proceder en tantos lustros en el Inces. Tambi\u00e9n retribuy\u00f3 a la Gerencia Regional, a la Divisi\u00f3n de Administraci\u00f3n y de Formaci\u00f3n Profesional y a todos los colaboradores en la realizaci\u00f3n de este acto.<\/span><\/p>\n<p style=\"text-align: justify;\">\n","protected":false},"excerpt":{"rendered":"<p>**Lustros de entrega a la formaci\u00f3n de nuestro pueblo productor<\/p>\n","protected":false},"author":4,"featured_media":39769,"comment_status":"closed","ping_status":"closed","sticky":false,"template":"","format":"standard","meta":{"footnotes":""},"categories":[2],"tags":[],"class_list":["post-39768","post","type-post","status-publish","format-standard","has-post-thumbnail","hentry","category-blog"],"_links":{"self":[{"href":"https:\/\/inces.gob.ve\/index.php\/wp-json\/wp\/v2\/posts\/39768","targetHints":{"allow":["GET"]}}],"collection":[{"href":"https:\/\/inces.gob.ve\/index.php\/wp-json\/wp\/v2\/posts"}],"about":[{"href":"https:\/\/inces.gob.ve\/index.php\/wp-json\/wp\/v2\/types\/post"}],"author":[{"embeddable":true,"href":"https:\/\/inces.gob.ve\/index.php\/wp-json\/wp\/v2\/users\/4"}],"replies":[{"embeddable":true,"href":"https:\/\/inces.gob.ve\/index.php\/wp-json\/wp\/v2\/comments?post=39768"}],"version-history":[{"count":1,"href":"https:\/\/inces.gob.ve\/index.php\/wp-json\/wp\/v2\/posts\/39768\/revisions"}],"predecessor-version":[{"id":39770,"href":"https:\/\/inces.gob.ve\/index.php\/wp-json\/wp\/v2\/posts\/39768\/revisions\/39770"}],"wp:featuredmedia":[{"embeddable":true,"href":"https:\/\/inces.gob.ve\/index.php\/wp-json\/wp\/v2\/media\/39769"}],"wp:attachment":[{"href":"https:\/\/inces.gob.ve\/index.php\/wp-json\/wp\/v2\/media?parent=39768"}],"wp:term":[{"taxonomy":"category","embeddable":true,"href":"https:\/\/inces.gob.ve\/index.php\/wp-json\/wp\/v2\/categories?post=39768"},{"taxonomy":"post_tag","embeddable":true,"href":"https:\/\/inces.gob.ve\/index.php\/wp-json\/wp\/v2\/tags?post=39768"}],"curies":[{"name":"wp","href":"https:\/\/api.w.org\/{rel}","templated":true}]}}