{"id":39782,"date":"2021-09-03T12:17:57","date_gmt":"2021-09-03T16:17:57","guid":{"rendered":"https:\/\/inces.gob.ve\/?p=39782"},"modified":"2021-09-03T12:17:57","modified_gmt":"2021-09-03T16:17:57","slug":"aragua-inces-presente-en-la-reapertura-de-la-tienda-de-cacao-venezuela","status":"publish","type":"post","link":"https:\/\/inces.gob.ve\/index.php\/2021\/09\/03\/aragua-inces-presente-en-la-reapertura-de-la-tienda-de-cacao-venezuela\/","title":{"rendered":"ARAGUA | Inces presente en la reapertura de la tienda de Cacao Venezuela"},"content":{"rendered":"<p style=\"text-align: justify;\"><em><strong><span style=\"font-size: 14pt;\">**El Inces sigue impulsando los procesos de formaci\u00f3n para fortalecer una econom\u00eda productiva en el motor turismo como lo ha venido se\u00f1alando el presidente Nicol\u00e1s Maduro<\/span><\/strong><\/em><!--more--><\/p>\n<p style=\"text-align: justify;\">\n<p style=\"text-align: justify;\"><strong><span style=\"font-size: 14pt;\">ROD\u00cdN BUSTILLOS<\/span><\/strong><\/p>\n<p style=\"text-align: justify;\"><span style=\"font-size: 14pt;\">El Inces estuvo presente en la reapertura de la tienda Cacao Venezuela, ubicada en el Lim\u00f3n, estado Aragua, para formalizar el apoyo y experiencia en la rehabilitaci\u00f3n de las \u00e1reas el\u00e9ctricas y refrigeraci\u00f3n y la posibilidad de llevar la formaci\u00f3n t\u00e9cnica profesional en el \u00e1rea administrativa y gastron\u00f3mica, como l\u00ednea estrat\u00e9gica del presidente del Inces Wuikelman Angel y el gerente regional del Inces Oliver Medina. <\/span><\/p>\n<p>&nbsp;<\/p>\n<p style=\"text-align: justify;\"><span style=\"font-size: 14pt;\">Durante esta reapertura la docente Mar\u00eda Milagros Gonz\u00e1lez, de la Unidad de Coordinaci\u00f3n de Centros de Formaci\u00f3n Socialista del Inces Aragua, se\u00f1al\u00f3 que la instituci\u00f3n tiene la responsabilidad de apoyar en los emprendimientos que a trav\u00e9s de la formaci\u00f3n t\u00e9cnica profesional, lograr\u00e1 impulsar una econom\u00eda productiva para el pa\u00eds.<\/span><\/p>\n<p>&nbsp;<\/p>\n<p style=\"text-align: justify;\"><span style=\"font-size: 14pt;\"> \u00abCon la reapertura de la tienda de Cacao Venezuela y la importante uni\u00f3n con Caf\u00e9 Venezuela, se aprovechar\u00e1n estos espacios para llevar la formaci\u00f3n t\u00e9cnica profesional a los emprendedores que trabajan para dar a conocer el mejor de sus productos derivados del mejor cacao del mundo\u00bb, inform\u00f3 Gonz\u00e1lez.<\/span><\/p>\n<p>&nbsp;<\/p>\n<p style=\"text-align: justify;\"><span style=\"font-size: 14pt;\">Inform\u00f3 tambi\u00e9n que el Inces Aragua, junto con la Alcald\u00eda del municipio Santiago Mari\u00f1o, la Corporaci\u00f3n Socialista del Cacao, el Inder, Productores y Emprendedores del Cacao, establecieron lazos de cooperaci\u00f3n interinstitucional, con la gerencia de la red tiendas Oderi e intercambiaron informaci\u00f3n sobre los pasos que se han venido dando en la formaci\u00f3n productiva para impulsar el Motor Turismo. <\/span><\/p>\n<p>&nbsp;<\/p>\n<p style=\"text-align: justify;\"><span style=\"font-size: 14pt;\">\u00abEl fin es seguir fortaleciendo el trabajo para la recuperaci\u00f3n de estos espacios para el desarrollo de las rutas tur\u00edsticas e impulsar la cultura y la formaci\u00f3n en esa \u00e1rea econ\u00f3mica y apoyar a los emprendedores que trabajan d\u00eda a d\u00eda, dando a conocer sus productos derivados del cacao\u00bb, acot\u00f3 Gonz\u00e1lez.<\/span><\/p>\n","protected":false},"excerpt":{"rendered":"<p>**El Inces sigue impulsando los procesos de formaci\u00f3n para fortalecer una econom\u00eda productiva en el motor turismo como lo ha venido se\u00f1alando el presidente Nicol\u00e1s Maduro<\/p>\n","protected":false},"author":4,"featured_media":39783,"comment_status":"closed","ping_status":"closed","sticky":false,"template":"","format":"standard","meta":{"footnotes":""},"categories":[2],"tags":[],"class_list":["post-39782","post","type-post","status-publish","format-standard","has-post-thumbnail","hentry","category-blog"],"_links":{"self":[{"href":"https:\/\/inces.gob.ve\/index.php\/wp-json\/wp\/v2\/posts\/39782","targetHints":{"allow":["GET"]}}],"collection":[{"href":"https:\/\/inces.gob.ve\/index.php\/wp-json\/wp\/v2\/posts"}],"about":[{"href":"https:\/\/inces.gob.ve\/index.php\/wp-json\/wp\/v2\/types\/post"}],"author":[{"embeddable":true,"href":"https:\/\/inces.gob.ve\/index.php\/wp-json\/wp\/v2\/users\/4"}],"replies":[{"embeddable":true,"href":"https:\/\/inces.gob.ve\/index.php\/wp-json\/wp\/v2\/comments?post=39782"}],"version-history":[{"count":1,"href":"https:\/\/inces.gob.ve\/index.php\/wp-json\/wp\/v2\/posts\/39782\/revisions"}],"predecessor-version":[{"id":39784,"href":"https:\/\/inces.gob.ve\/index.php\/wp-json\/wp\/v2\/posts\/39782\/revisions\/39784"}],"wp:featuredmedia":[{"embeddable":true,"href":"https:\/\/inces.gob.ve\/index.php\/wp-json\/wp\/v2\/media\/39783"}],"wp:attachment":[{"href":"https:\/\/inces.gob.ve\/index.php\/wp-json\/wp\/v2\/media?parent=39782"}],"wp:term":[{"taxonomy":"category","embeddable":true,"href":"https:\/\/inces.gob.ve\/index.php\/wp-json\/wp\/v2\/categories?post=39782"},{"taxonomy":"post_tag","embeddable":true,"href":"https:\/\/inces.gob.ve\/index.php\/wp-json\/wp\/v2\/tags?post=39782"}],"curies":[{"name":"wp","href":"https:\/\/api.w.org\/{rel}","templated":true}]}}