{"id":39788,"date":"2021-09-03T20:21:27","date_gmt":"2021-09-04T00:21:27","guid":{"rendered":"https:\/\/inces.gob.ve\/?p=39788"},"modified":"2021-09-03T20:24:45","modified_gmt":"2021-09-04T00:24:45","slug":"venezuela-participo-en-el-vii-congreso-nacional-de-docentes-de-la-educacion-tecnica","status":"publish","type":"post","link":"https:\/\/inces.gob.ve\/index.php\/2021\/09\/03\/venezuela-participo-en-el-vii-congreso-nacional-de-docentes-de-la-educacion-tecnica\/","title":{"rendered":"Venezuela particip\u00f3 en el VII Congreso Nacional de Docentes de la Educaci\u00f3n T\u00e9cnica"},"content":{"rendered":"<p style=\"text-align: justify;\"><em><strong><span style=\"font-size: 14pt;\">** La actividad fue organizada por el Inatec de Nicaragua, espacio donde el Inces particip\u00f3 como invitado internacional<\/span><\/strong><\/em><!--more--><\/p>\n<p>&nbsp;<\/p>\n<p><span style=\"font-size: 14pt;\"><strong>LONGINA TOVAR<\/strong><\/span><\/p>\n<p style=\"text-align: justify;\"><span style=\"font-size: 14pt;\">Con la intervenci\u00f3n del director estrat\u00e9gico de Formaci\u00f3n y Autoformaci\u00f3n del Inces, Guy\u00e9n Soto, el Instituto Nacional de Capacitaci\u00f3n y Educaci\u00f3n Socialista (Inces) particip\u00f3 en VII Congreso Nacional de Docentes de la Educaci\u00f3n T\u00e9cnica y Formaci\u00f3n Profesional &#8211;\u00a0 2021, organizado por el Tecnol\u00f3gico Nacional (Inatec) de Nicaragua; este a\u00f1o con el tema \u201cInnovaci\u00f3n y emprendimiento en la educaci\u00f3n t\u00e9cnica. Siempre m\u00e1s all\u00e1\u201d.<\/span><\/p>\n<p>&nbsp;<\/p>\n<p style=\"text-align: justify;\"><span style=\"font-size: 14pt;\">El congreso se realiz\u00f3 en el Centro Tecnol\u00f3gico (CT) Manuel Olivares, ubicado en la ciudad de Managua y cont\u00f3 con la presencia telem\u00e1tica de los 45 CT de ese pa\u00eds y la participaci\u00f3n especial, v\u00eda Zoonm, de Cuba y Venezuela.<\/span><\/p>\n<p>&nbsp;<\/p>\n<p style=\"text-align: justify;\"><span style=\"font-size: 14pt;\"><strong>PARTICIPACI\u00d3N DE VENEZUELA<\/strong><\/span><\/p>\n<p style=\"text-align: justify;\"><span style=\"font-size: 14pt;\">Durante su intervenci\u00f3n, Soto explic\u00f3 que el Inces ofrece formaci\u00f3n y autoformaci\u00f3n productiva, con especial atenci\u00f3n en el sector juventud. \u201cEl instituto desarrolla varios programas ente los que destaca el programa Formaci\u00f3n en Entidades de Trabajo, Programa Nacional de Aprendizaje \u2013donde se atienden a j\u00f3venes con edades comprendidas entre los 14 y los 18 a\u00f1os- y el programa de Acreditaci\u00f3n de Conocimiento por experiencia en ejercicio.<\/span><\/p>\n<p>&nbsp;<\/p>\n<p style=\"text-align: justify;\"><span style=\"font-size: 14pt;\">La educaci\u00f3n que se imparte en el Inces gira en torno a motores productivos que abarcan \u00e1reas como industria, miner\u00eda, hidrocarburos, construcci\u00f3n, turismo, textil banca y finanzas, farmac\u00e9utico, forestal y agr\u00edcola. \u201cTrabajamos con estos motores con la intenci\u00f3n de evitar el desempleo y formar personas para que se inserten en la vida productiva del pa\u00eds; adem\u00e1s, as\u00ed se contribuyen con la activaci\u00f3n del aparato productivo nacional para que ya no seamos dependientes de la renta petrolera\u201d, expuso el directivo del Inces.<\/span><\/p>\n<p style=\"text-align: justify;\"><span style=\"font-size: 14pt;\">En materia internacional, Soto coment\u00f3 que desde el a\u00f1o pasado la instituci\u00f3n venezolana se ha reconectado con sus entes hom\u00f3logos de todo el mundo, con especial atenci\u00f3n en Latinoam\u00e9rica, el sudeste asi\u00e1tico y pr\u00f3ximamente pa\u00edses aliados del continente europeo.<\/span><\/p>\n<p>&nbsp;<\/p>\n<p><img loading=\"lazy\" decoding=\"async\" class=\"size-large wp-image-39792 aligncenter\" src=\"https:\/\/inces.gob.ve\/wp-content\/uploads\/2021\/09\/WhatsApp-Image-2021-09-03-at-12.27.41-1024x640.jpeg\" alt=\"\" width=\"640\" height=\"400\" srcset=\"https:\/\/inces.gob.ve\/wp-content\/uploads\/2021\/09\/WhatsApp-Image-2021-09-03-at-12.27.41-1024x640.jpeg 1024w, https:\/\/inces.gob.ve\/wp-content\/uploads\/2021\/09\/WhatsApp-Image-2021-09-03-at-12.27.41-300x188.jpeg 300w, https:\/\/inces.gob.ve\/wp-content\/uploads\/2021\/09\/WhatsApp-Image-2021-09-03-at-12.27.41-768x480.jpeg 768w, https:\/\/inces.gob.ve\/wp-content\/uploads\/2021\/09\/WhatsApp-Image-2021-09-03-at-12.27.41.jpeg 1080w\" sizes=\"auto, (max-width: 640px) 100vw, 640px\" \/><\/p>\n<p>&nbsp;<\/p>\n<p style=\"text-align: justify;\"><span style=\"font-size: 14pt;\">La oportunidad fue propicia para anunciar el novel lanzamiento del Campus Virtual Inces, plataforma tecnol\u00f3gica que presta atenci\u00f3n al tema del emprendimientos y \u201ctodas las competencias que van a su alrededor. No se trata solamente de saber hacer algo, sino todo lo que tiene que ver con ello: requisici\u00f3n de materia prima, estructura de costos, presupuesto, marketing, estrategia de ventas, etc., y todo eso lo consiguen los participantes que se forman el Inces desde la plataforma virtual\u201d.<\/span><\/p>\n<p>&nbsp;<\/p>\n<p style=\"text-align: justify;\"><span style=\"font-size: 14pt;\">Tambi\u00e9n coment\u00f3 algunas otras gestiones que desde Venezuela se impulsan en materia de formaci\u00f3n t\u00e9cnica profesional como aplicar la ingenier\u00eda inversa para la recuperaci\u00f3n y reparaci\u00f3n de maquinaria m\u00e9dica e industrial, incorporaci\u00f3n de maestros en la creaci\u00f3n de curr\u00edculos pertinentes a las necesidades del pa\u00eds y conformaci\u00f3n de brigadas que atienden problemas en la prestaci\u00f3n de servicios b\u00e1sicos como electricidad, agua y telecomunicaciones.<\/span><\/p>\n<p>&nbsp;<\/p>\n<p style=\"text-align: justify;\"><span style=\"font-size: 14pt;\">Para concluir, el director estrat\u00e9gico de Formaci\u00f3n y Autoformaci\u00f3n del Inces hizo una reflexi\u00f3n respecto a las nuevas salidas ocupacionales y c\u00f3mo la inteligencia artificial ha eliminado algunos puestos de trabajo, \u201ccon base en esto todos debemos formarnos en el \u00e1rea digital y capacitarnos para enfrentar el mundo actual\u201d.<\/span><\/p>\n","protected":false},"excerpt":{"rendered":"<p>** La actividad fue organizada por el Inatec de Nicaragua, espacio donde el Inces particip\u00f3 como invitado internacional<\/p>\n","protected":false},"author":4,"featured_media":39789,"comment_status":"closed","ping_status":"closed","sticky":false,"template":"","format":"standard","meta":{"footnotes":""},"categories":[2],"tags":[],"class_list":["post-39788","post","type-post","status-publish","format-standard","has-post-thumbnail","hentry","category-blog"],"_links":{"self":[{"href":"https:\/\/inces.gob.ve\/index.php\/wp-json\/wp\/v2\/posts\/39788","targetHints":{"allow":["GET"]}}],"collection":[{"href":"https:\/\/inces.gob.ve\/index.php\/wp-json\/wp\/v2\/posts"}],"about":[{"href":"https:\/\/inces.gob.ve\/index.php\/wp-json\/wp\/v2\/types\/post"}],"author":[{"embeddable":true,"href":"https:\/\/inces.gob.ve\/index.php\/wp-json\/wp\/v2\/users\/4"}],"replies":[{"embeddable":true,"href":"https:\/\/inces.gob.ve\/index.php\/wp-json\/wp\/v2\/comments?post=39788"}],"version-history":[{"count":3,"href":"https:\/\/inces.gob.ve\/index.php\/wp-json\/wp\/v2\/posts\/39788\/revisions"}],"predecessor-version":[{"id":39793,"href":"https:\/\/inces.gob.ve\/index.php\/wp-json\/wp\/v2\/posts\/39788\/revisions\/39793"}],"wp:featuredmedia":[{"embeddable":true,"href":"https:\/\/inces.gob.ve\/index.php\/wp-json\/wp\/v2\/media\/39789"}],"wp:attachment":[{"href":"https:\/\/inces.gob.ve\/index.php\/wp-json\/wp\/v2\/media?parent=39788"}],"wp:term":[{"taxonomy":"category","embeddable":true,"href":"https:\/\/inces.gob.ve\/index.php\/wp-json\/wp\/v2\/categories?post=39788"},{"taxonomy":"post_tag","embeddable":true,"href":"https:\/\/inces.gob.ve\/index.php\/wp-json\/wp\/v2\/tags?post=39788"}],"curies":[{"name":"wp","href":"https:\/\/api.w.org\/{rel}","templated":true}]}}