{"id":39799,"date":"2021-09-02T12:15:58","date_gmt":"2021-09-02T16:15:58","guid":{"rendered":"https:\/\/inces.gob.ve\/?p=39799"},"modified":"2021-09-06T09:22:24","modified_gmt":"2021-09-06T13:22:24","slug":"trujillo-solimar-morillo-el-inces-me-brinda-oportunidades","status":"publish","type":"post","link":"https:\/\/inces.gob.ve\/index.php\/2021\/09\/02\/trujillo-solimar-morillo-el-inces-me-brinda-oportunidades\/","title":{"rendered":"TRUJILLO | Solimar Morillo: El Inces me brinda oportunidades"},"content":{"rendered":"<p style=\"text-align: justify;\" align=\"justify\"><em><strong><span style=\"font-size: 14pt;\">** Para la coordinadora de la Unidad Educativa del Inces-Trujillo este aniversario y sus recuerdos estar\u00e1n con Lexi Villarreal, sus anteriores jefes, sus compa\u00f1eros de trabajos y familiares a los que les dedica este bot\u00f3n por a\u00f1os de servicio<\/span><\/strong><\/em><!--more--><\/p>\n<p align=\"justify\">\n<p style=\"text-align: justify;\" align=\"justify\"><strong><span style=\"font-size: 14pt;\">MAR\u00cdA CABRERA<\/span><\/strong><\/p>\n<p style=\"text-align: justify;\" align=\"justify\"><span style=\"font-size: 14pt;\">Cuando se conoce que alguien tiene 25 a\u00f1os en una empresa la curiosidad se dispara. El hecho es en estos tiempos, es una proeza y un ejemplo a seguir. En el Inces-Trujillo tenemos este caso con Solimar Morillo quien es la jefe de la Unidad Educativa y quien con motivo de los 62 a\u00f1os de creaci\u00f3n del Inces recibir\u00e1 su bot\u00f3n por a\u00f1os de servicios.<\/span><\/p>\n<p align=\"justify\">\n<p style=\"text-align: justify;\" align=\"justify\"><span style=\"font-size: 14pt;\">Agotada por el acto de graduaci\u00f3n de los bachilleres con perfil productivo nos atendi\u00f3 amablemente y sonriente.<\/span><\/p>\n<p align=\"justify\">\n<p style=\"text-align: justify;\" align=\"justify\"><span style=\"font-size: 14pt;\">-Me inicio en el Inces-Trujillo el 1 de Marzo de 1996 como participante del Programa Nacional de Aprendizaje en el curso de Secretariado, cuando la gerente regional era Yamelis Dominguez.Luego ingreso como secretaria del Inces-Comercio desde donde me enviaron a cubrir varias plazas en compras, recursos humanos y formaci\u00f3n profesional.<\/span><\/p>\n<p align=\"justify\">\n<p style=\"text-align: justify;\" align=\"justify\"><span style=\"font-size: 14pt;\">-En el Inces-Comercio segu\u00ed estudiando en la Unidad B\u00e1sica del Inces en la modalidad de t\u00e9cnico medio en servicio tur\u00edstico del cual egres\u00e9. Posteriormente curso estudios para TSU en educaci\u00f3n integral en el Iutembi en 2009 y luego en la Universidad Alonzo de Ojeda la licenciatura hasta el 2012, dice en tono serio.<\/span><\/p>\n<p align=\"justify\">\n<p style=\"text-align: justify;\" align=\"justify\"><span style=\"font-size: 14pt;\">-Con la gerencia regional de Dixon Uzc\u00e1tegui, -contin\u00faa-me hacen el cambio para Educaci\u00f3n B\u00e1sica para encargarme de la Coordinaci\u00f3n que se daban los s\u00e1bados del 1a\u00f1o hasta el 3 a\u00f1o de bachillerato; para luego enviarme a ocupar la responsabilidad de Control y Estudios durante 3 a\u00f1os.<\/span><\/p>\n<p align=\"justify\">\n<p style=\"text-align: justify;\" align=\"justify\"><span style=\"font-size: 14pt;\">Pero \u201cSoli\u201d como cari\u00f1osamente la llamamos, apunta que es en la gesti\u00f3n de se\u00f1ora Ang\u00e9lica Mor\u00f3n, \u201cque le brindan la oportunidad de pertenecer a su equipo de trabajo, honr\u00e1ndola con la coordinaci\u00f3n del Centro de Formaci\u00f3n Socialista \u201cJos\u00e9 Mart\u00ed\u201d, antes Ince Polivalente, durante el lapso 2015-2016. \u201cDesde el 2016 me ubican definitivamente en el cargo actual como Coordinadora de la Unidad Educativa Inces,\u201d, dice sonriente.<\/span><\/p>\n<p align=\"justify\">\n<p style=\"text-align: justify;\" align=\"justify\"><span style=\"font-size: 14pt;\">&#8211; \u00bfQue significa trabajar en el Inces?<\/span><\/p>\n<p style=\"text-align: justify;\" align=\"justify\"><span style=\"font-size: 14pt;\">-Todo. Yo he crecido personalmente, porque me han brindado oportunidades y gracias al Inces tengo una familia consolidada, dice convencida.<\/span><\/p>\n<p align=\"justify\">\n<p style=\"text-align: justify;\" align=\"justify\"><span style=\"font-size: 14pt;\">&#8211; \u00bfEn 25 a\u00f1os tienes un recuerdo de alguien que extra\u00f1as o deseas recordar?<\/span><\/p>\n<p style=\"text-align: justify;\" align=\"justify\"><span style=\"font-size: 14pt;\">-Claro, Lexi Villarreal, una tremenda trabajadora. Tambi\u00e9n a los jefes que he tenido, es especial, al se\u00f1or Carlos Romero, mi maestro, mentor, mi jefe&#8230;yo soy su pupila. Ah como olvidar los chistes de Jos\u00e9 Gregorio Uzc\u00e1tegui.<\/span><\/p>\n<p align=\"justify\">\n<p style=\"text-align: justify;\" align=\"justify\"><span style=\"font-size: 14pt;\">-Y a\u00f1ade: son 25 a\u00f1os maravillosos porque he conocido compa\u00f1eros, gente bonita de la que uno aprende, son extraordinarios y que a uno le ha servido.<\/span><\/p>\n<p style=\"text-align: justify;\" align=\"justify\"><span style=\"font-size: 14pt;\">&#8211; \u00bfQue te motivo durante este tiempo a mantenerte?<\/span><\/p>\n<p style=\"text-align: justify;\" align=\"justify\"><span style=\"font-size: 14pt;\">-La familia y el hecho de que las cosa con el pasar del tiempo iban transform\u00e1ndose, cambi\u00e1ndose.<\/span><\/p>\n<p align=\"justify\">\n<p style=\"text-align: justify;\" align=\"justify\"><span style=\"font-size: 14pt;\">&#8211; \u00bfQue extra\u00f1as del Ince en el cual te iniciantes y el Inces actual?<\/span><\/p>\n<p style=\"text-align: justify;\" align=\"justify\"><span style=\"font-size: 14pt;\">-Nada porque aquel era muy excluyente, a pesar que con el tiempo fue cambiando, especialmente con la llegada del Presidente Hugo Rafael Ch\u00e1vez en el a\u00f1o 1999, donde hubo m\u00e1s inclusi\u00f3n de las personas.<\/span><\/p>\n<p align=\"justify\">\n<p style=\"text-align: justify;\" align=\"justify\"><span style=\"font-size: 14pt;\">&#8211; \u00bfCon qui\u00e9n y donde celebraras tu bot\u00f3n por 25 a\u00f1os de servicios en el Inces-Trujillo?<\/span><\/p>\n<p style=\"text-align: justify;\" align=\"justify\"><span style=\"font-size: 14pt;\">-Con la familia, amigos, compa\u00f1eros de trabajo. Tambi\u00e9n con mis padres, mi esposo y mis hijos a quienes les dedico este honor.<\/span><\/p>\n<p align=\"justify\">\n<p style=\"text-align: justify;\" align=\"justify\"><span style=\"font-size: 14pt;\">Y para finalizar expreso:<\/span><\/p>\n<p style=\"text-align: justify;\" align=\"justify\"><span style=\"font-size: 14pt;\">-A Dios quiero darle infinitas gracias por traerme hasta aqu\u00ed; a las autoridades del Inces, gracias por abrirme las puertas en todos los \u00e1mbitos, por creer en m\u00ed. Tambi\u00e9n a la se\u00f1ora Ang\u00e9lica Mor\u00f3n por darme la confianza de ubicarme en su equipo de trabajo en el cual continuo. Dios les pague.<\/span><\/p>\n","protected":false},"excerpt":{"rendered":"<p>** Para la coordinadora de la Unidad Educativa del Inces-Trujillo este aniversario y sus recuerdos estar\u00e1n con Lexi Villarreal, sus anteriores jefes, sus compa\u00f1eros de trabajos y familiares a los que les dedica este bot\u00f3n por a\u00f1os de servicio<\/p>\n","protected":false},"author":4,"featured_media":39800,"comment_status":"closed","ping_status":"closed","sticky":false,"template":"","format":"standard","meta":{"footnotes":""},"categories":[2],"tags":[],"class_list":["post-39799","post","type-post","status-publish","format-standard","has-post-thumbnail","hentry","category-blog"],"_links":{"self":[{"href":"https:\/\/inces.gob.ve\/index.php\/wp-json\/wp\/v2\/posts\/39799","targetHints":{"allow":["GET"]}}],"collection":[{"href":"https:\/\/inces.gob.ve\/index.php\/wp-json\/wp\/v2\/posts"}],"about":[{"href":"https:\/\/inces.gob.ve\/index.php\/wp-json\/wp\/v2\/types\/post"}],"author":[{"embeddable":true,"href":"https:\/\/inces.gob.ve\/index.php\/wp-json\/wp\/v2\/users\/4"}],"replies":[{"embeddable":true,"href":"https:\/\/inces.gob.ve\/index.php\/wp-json\/wp\/v2\/comments?post=39799"}],"version-history":[{"count":1,"href":"https:\/\/inces.gob.ve\/index.php\/wp-json\/wp\/v2\/posts\/39799\/revisions"}],"predecessor-version":[{"id":39801,"href":"https:\/\/inces.gob.ve\/index.php\/wp-json\/wp\/v2\/posts\/39799\/revisions\/39801"}],"wp:featuredmedia":[{"embeddable":true,"href":"https:\/\/inces.gob.ve\/index.php\/wp-json\/wp\/v2\/media\/39800"}],"wp:attachment":[{"href":"https:\/\/inces.gob.ve\/index.php\/wp-json\/wp\/v2\/media?parent=39799"}],"wp:term":[{"taxonomy":"category","embeddable":true,"href":"https:\/\/inces.gob.ve\/index.php\/wp-json\/wp\/v2\/categories?post=39799"},{"taxonomy":"post_tag","embeddable":true,"href":"https:\/\/inces.gob.ve\/index.php\/wp-json\/wp\/v2\/tags?post=39799"}],"curies":[{"name":"wp","href":"https:\/\/api.w.org\/{rel}","templated":true}]}}