{"id":39808,"date":"2021-09-06T12:02:51","date_gmt":"2021-09-06T16:02:51","guid":{"rendered":"https:\/\/inces.gob.ve\/?p=39808"},"modified":"2021-09-06T12:02:51","modified_gmt":"2021-09-06T16:02:51","slug":"aragua-se-realizo-jornada-de-trabajo-con-los-principales-entes-productivos-y-estado-mayor-de-chamba-juvenil","status":"publish","type":"post","link":"https:\/\/inces.gob.ve\/index.php\/2021\/09\/06\/aragua-se-realizo-jornada-de-trabajo-con-los-principales-entes-productivos-y-estado-mayor-de-chamba-juvenil\/","title":{"rendered":"ARAGUA | Se realiz\u00f3 Jornada de trabajo con los principales entes productivos y Estado Mayor de Chamba Juvenil"},"content":{"rendered":"<div dir=\"auto\" style=\"text-align: justify;\"><\/div>\n<div dir=\"auto\" style=\"text-align: justify;\"><em><strong><span style=\"font-size: 14pt;\">** Desde el Inces se garantiza la estrategia de encadenamiento productivo interinstitucional e inserci\u00f3n al mercado laboral de la Patria<\/span><\/strong><\/em><\/div>\n<div dir=\"auto\"><\/div>\n<div dir=\"auto\" style=\"text-align: justify;\"><!--more--><\/div>\n<div dir=\"auto\"><\/div>\n<div dir=\"auto\" style=\"text-align: justify;\"><strong><span style=\"font-size: 14pt;\">NINOSKA PATRIZ<\/span><\/strong><\/div>\n<div dir=\"auto\" style=\"text-align: justify;\"><\/div>\n<div dir=\"auto\" style=\"text-align: justify;\"><span style=\"font-size: 14pt;\">Avanzando en el establecimiento de alianzas, de acuerdo con lo establecido por nuestro presidente Nicol\u00e1s Maduro, el titular del Inces, Wuikelman Angel Paredes y el Gerente Inces Regi\u00f3n Aragua, Ingeniero Oliver Medina, se realiz\u00f3 reuni\u00f3n con el Estado Mayor de la Gran Misi\u00f3n Chamba Juvenil.\u00a0<\/span><\/div>\n<div dir=\"auto\" style=\"text-align: justify;\"><\/div>\n<div dir=\"auto\" style=\"text-align: justify;\"><span style=\"font-size: 14pt;\">El encuentro se desarroll\u00f3 desde los espacios de la Base de Misiones del Municipio Girardot.\u00a0<\/span><\/div>\n<div dir=\"auto\" style=\"text-align: justify;\"><\/div>\n<div dir=\"auto\" style=\"text-align: justify;\"><span style=\"font-size: 14pt;\">En la jornada estuvieron presentes representantes del Ministerio para la juventud y deporte y chamba juvenil, Insopesca, Misi\u00f3n \u00c1rbol, Minec, Somos Venezuela, Misi\u00f3n Guaicaipuro, Idenna, Control de Vegetaci\u00f3n, Corpoelec, Ministerio de Cultura, Misi\u00f3n Deportiva Cubana, Ministerio de Obras p\u00fablicas, Secretar\u00eda de Infraestructura, V\u00edas de Aragua, Misi\u00f3n Venezuela Bella, Misi\u00f3n vivienda Venezuela,\u00a0 Viceministerio\u00a0 Social &#8211; Misi\u00f3n Negra Hip\u00f3lita, Ministerio de Agricultura y tierra, Misi\u00f3n Jos\u00e9 Gregorio Hern\u00e1ndez y Comisi\u00f3n JPSUV Chamba Juvenil Inces.<\/span><\/div>\n<div dir=\"auto\" style=\"text-align: justify;\"><\/div>\n<div dir=\"auto\" style=\"text-align: justify;\"><span style=\"font-size: 14pt;\">\u00abEl objetivo principal es identificar las necesidades de las entidades en torno al tema de incersi\u00f3n laboral de nuestros Chamberos\u00bb, seg\u00fan declaraciones del Gerente Medina.<\/span><\/div>\n<div dir=\"auto\" style=\"text-align: justify;\"><\/div>\n<div dir=\"auto\" style=\"text-align: justify;\"><span style=\"font-size: 14pt;\">\u00c9ste tambi\u00e9n agreg\u00f3 que: \u00abEsperamos establecer un plan de trabajo en conjunto entre nuestra instituci\u00f3n y Chamba juvenil, para impulsar todos los aspectos relacionados con los procesos de certificaci\u00f3n y formaci\u00f3n profesional t\u00e9cnico productiva para nuestros j\u00f3venes en los diferentes rincones, parroquias o comunidades del Estado Aragua.<\/span><\/div>\n","protected":false},"excerpt":{"rendered":"<p>** Desde el Inces se garantiza la estrategia de encadenamiento productivo interinstitucional e inserci\u00f3n al mercado laboral de la Patria<\/p>\n","protected":false},"author":4,"featured_media":39809,"comment_status":"closed","ping_status":"closed","sticky":false,"template":"","format":"standard","meta":{"footnotes":""},"categories":[2],"tags":[],"class_list":["post-39808","post","type-post","status-publish","format-standard","has-post-thumbnail","hentry","category-blog"],"_links":{"self":[{"href":"https:\/\/inces.gob.ve\/index.php\/wp-json\/wp\/v2\/posts\/39808","targetHints":{"allow":["GET"]}}],"collection":[{"href":"https:\/\/inces.gob.ve\/index.php\/wp-json\/wp\/v2\/posts"}],"about":[{"href":"https:\/\/inces.gob.ve\/index.php\/wp-json\/wp\/v2\/types\/post"}],"author":[{"embeddable":true,"href":"https:\/\/inces.gob.ve\/index.php\/wp-json\/wp\/v2\/users\/4"}],"replies":[{"embeddable":true,"href":"https:\/\/inces.gob.ve\/index.php\/wp-json\/wp\/v2\/comments?post=39808"}],"version-history":[{"count":1,"href":"https:\/\/inces.gob.ve\/index.php\/wp-json\/wp\/v2\/posts\/39808\/revisions"}],"predecessor-version":[{"id":39810,"href":"https:\/\/inces.gob.ve\/index.php\/wp-json\/wp\/v2\/posts\/39808\/revisions\/39810"}],"wp:featuredmedia":[{"embeddable":true,"href":"https:\/\/inces.gob.ve\/index.php\/wp-json\/wp\/v2\/media\/39809"}],"wp:attachment":[{"href":"https:\/\/inces.gob.ve\/index.php\/wp-json\/wp\/v2\/media?parent=39808"}],"wp:term":[{"taxonomy":"category","embeddable":true,"href":"https:\/\/inces.gob.ve\/index.php\/wp-json\/wp\/v2\/categories?post=39808"},{"taxonomy":"post_tag","embeddable":true,"href":"https:\/\/inces.gob.ve\/index.php\/wp-json\/wp\/v2\/tags?post=39808"}],"curies":[{"name":"wp","href":"https:\/\/api.w.org\/{rel}","templated":true}]}}