{"id":39811,"date":"2021-09-06T12:04:16","date_gmt":"2021-09-06T16:04:16","guid":{"rendered":"https:\/\/inces.gob.ve\/?p=39811"},"modified":"2021-09-06T13:02:13","modified_gmt":"2021-09-06T17:02:13","slug":"tania-diaz-el-inces-esta-dando-respuesta-pertinente-al-pais","status":"publish","type":"post","link":"https:\/\/inces.gob.ve\/index.php\/2021\/09\/06\/tania-diaz-el-inces-esta-dando-respuesta-pertinente-al-pais\/","title":{"rendered":"TANIA D\u00cdAZ: El Inces est\u00e1 dando respuesta pertinente al pa\u00eds"},"content":{"rendered":"<p style=\"text-align: justify;\"><span style=\"font-size: 14pt;\"><strong><em>** La gerente regional del Inces Distrito Capital tuvo la oportunidad de explicar a trav\u00e9s de la se\u00f1al de ANTV el funcionamiento del Inces<\/em><\/strong><\/span><!--more--><\/p>\n<p style=\"text-align: justify;\"><span style=\"font-size: 14pt;\"><strong>L.T.<\/strong><\/span><\/p>\n<p style=\"text-align: justify;\"><span style=\"font-size: 14pt;\">El Instituto Nacional de Capacitaci\u00f3n y Educaci\u00f3n Socialista (Inces) es una instituci\u00f3n flexible que se adapta a las necesidades reales del pa\u00eds y da respuesta formativa pertinente a las comunidades, entidades de trabajo y p\u00fablico particular.<\/span><\/p>\n<p>&nbsp;<\/p>\n<p style=\"text-align: justify;\"><span style=\"font-size: 14pt;\">La informaci\u00f3n fue socializada por la gerente regional del Inces Distrito Capital, Tania D\u00edaz, en el programa Juventud al Debate (ANTV), conducido por Luis \u201cKaku\u201d Carrero.<\/span><\/p>\n<p>&nbsp;<\/p>\n<p style=\"text-align: justify;\"><span style=\"font-size: 14pt;\">El m\u00e1s claro ejemplo de respuesta inmediata en materia de formaci\u00f3n y de aprender haciendo fue la Fuerza de Tarea Especial \u201cDr Jos\u00e9 Gregorio Hern\u00e1ndez\u201d \u2013explic\u00f3 D\u00edaz- espacio donde el Inces se aboc\u00f3 con todos sus maestros y participantes a recuperar la infraestructura, sistemas de enfriamiento y electricidad, maquinaria m\u00e9dica, y m\u00e1s, en once hospitales de Caracas.<\/span><\/p>\n<p>&nbsp;<\/p>\n<p style=\"text-align: justify;\"><span style=\"font-size: 14pt;\">La Fuerza de Tarea tambi\u00e9n permiti\u00f3 ejecutar, en los recintos hospitalarios, el programa de Certificaci\u00f3n de Saberes: explic\u00f3 la gerente regional que el Inces caracteriz\u00f3 a los trabajadores de los hospitales, y estos, al demostrar sus saberes en materia de electricidad, carpinter\u00eda, plomer\u00eda, pintura y otros, se le otorg\u00f3 su acreditaci\u00f3n.<\/span><\/p>\n<p>&nbsp;<\/p>\n<p style=\"text-align: justify;\"><span style=\"font-size: 14pt;\">Mismo procedimiento ocurre con el Programa Nacional de Reparaci\u00f3n de Mesas Sillas, -a\u00f1adi\u00f3 D\u00edaz- donde se integr\u00f3 al proceso de aprendizaje y recuperaci\u00f3n a los miembros de la comunidad del punto y c\u00edrculo de las escuelas; as\u00ed las persona aprenden, se certifican y quedan al servicio de los espacios educativos.<\/span><\/p>\n<p>&nbsp;<\/p>\n<p style=\"text-align: justify;\"><span style=\"font-size: 14pt;\"><strong>CHAMBA JUVENIL<\/strong><\/span><\/p>\n<p style=\"text-align: justify;\"><span style=\"font-size: 14pt;\">Inform\u00f3 la titular de la regional Distrito Capital que en el Inces tambi\u00e9n se hizo un trabajo de respuesta inmediata al incorporar sus formaciones al plan Chamba Juvenil. El objetivo era ofrecer a la jueventud que iba en busca de nuevos horizontes fuera de las fronteras venezolanas una opci\u00f3n de formaci\u00f3n y trabajo en su patria.<\/span><\/p>\n<p>&nbsp;<\/p>\n<p style=\"text-align: justify;\"><span style=\"font-size: 14pt;\">Chamba Juvenil logr\u00f3 retener en Venezuela a muchos j\u00f3venes que asediados por el bloqueo, las sanciones econ\u00f3micas y la propaganda perversa, pensaban que solo emigrando podr\u00edan conseguir un futuro mejor.<\/span><\/p>\n<p>&nbsp;<\/p>\n<p style=\"text-align: justify;\"><span style=\"font-size: 14pt;\"><strong>MAESTRA INCES<\/strong><\/span><\/p>\n<p style=\"text-align: justify;\"><span style=\"font-size: 14pt;\">El Inces ofrece cursos tradicionales desde hace 62 a\u00f1os entre los que destacan herrer\u00eda, carpinter\u00eda, turismo, textil, calzado, entre otros; sin embargo, los tiempos que corren exigen nuevas salidas ocupacionales que tiene que ver con manejo de herramientas tecnol\u00f3gicas; para ello, el Inces est\u00e1 en constante revisi\u00f3n de su maestra (cat\u00e1logo de cursos) para poder incorporar, con rigurosidad y metodolog\u00eda, los oficios que las entidades de trabajo hoy requieren, as\u00ed como las herramientas necesarias que necesita todo emprendedor para poder formar pate del aparato productivo nacional.<\/span><\/p>\n<p>&nbsp;<\/p>\n<p style=\"text-align: justify;\"><span style=\"font-size: 14pt;\"><strong>FORMACION INTERNACIONAL<\/strong><\/span><\/p>\n<p style=\"text-align: justify;\"><span style=\"font-size: 14pt;\">Durante la transmisi\u00f3n del programa Tania D\u00edaz explic\u00f3 que el Inces no trabaja solo sino en conjunto con las carteras de Trabajo, Educaci\u00f3n Superior y Comunas; aunado a ello, reci\u00e9n particip\u00f3 en un encuentro con docentes de formaci\u00f3n profesional organizado por su hom\u00f3logo en Nicaragua y en un seminario con lo pa\u00edses de la Asociaci\u00f3n de Nacionales del Sudeste Asi\u00e1tico.<\/span><\/p>\n<p>&nbsp;<\/p>\n<p style=\"text-align: justify;\"><span style=\"font-size: 14pt;\">Asimismo, inform\u00f3 que maestras de las regionales del Inces Distrito Capital y Miranda actualmente dictan dos cursos en l\u00ednea en materia textil y de agricultura urbana, el cual est\u00e1n recibiendo participantes en Belice.<\/span><\/p>\n<p style=\"text-align: justify;\"><span style=\"font-size: 14pt;\"><strong>\u00a0<\/strong><\/span><\/p>\n<p style=\"text-align: justify;\"><span style=\"font-size: 14pt;\"><strong>M\u00c1S INFORMACI\u00d3N<\/strong><\/span><\/p>\n<p style=\"text-align: justify;\"><span style=\"font-size: 14pt;\">El espacio fue aprovechado por la gerente regional para explicar como funciona el bachillerato productivo que ofrece el Inces y la reciente inauguraci\u00f3n del Campus Virtual.<\/span><\/p>\n<p>&nbsp;<\/p>\n<p style=\"text-align: justify;\"><span style=\"font-size: 14pt;\">De igual forma asever\u00f3 que el 7+7 oblig\u00f3 al Inces a adaptar sus formaciones a este sistema, donde en la semana radical el participante estudiaba toda la teor\u00eda de los cursos y en la flexible se realizaban las pr\u00e1cticas en los centros de formaci\u00f3n.<\/span><\/p>\n<p>&nbsp;<\/p>\n<p style=\"text-align: justify;\"><span style=\"font-size: 14pt;\">Aclar\u00f3 que en el Inces pueden estudiar las personas a partir de los 14 a\u00f1os sin ninguna otro limitante, salvo en el caso del Programa Nacional de Aprendizaje, el cual por ley solo admite aprendices con edades comprendidas entre los 14 y los 18 a\u00f1os.<\/span><\/p>\n<p>&nbsp;<\/p>\n<p style=\"text-align: justify;\"><span style=\"font-size: 14pt;\">Para finalizar, Hizo menci\u00f3n a la importancia del nombramiento del presidente del Inces, Wuikelman Angel, como nuevo viceministro de Comunidades Educativas y Uni\u00f3n con el pueblo, ya que es una alianza que fortalece al Inces y facilita el camino para la construcci\u00f3n de un sistema nacional de formaci\u00f3n t\u00e9cnica profesional<\/span><\/p>\n<p style=\"text-align: justify;\">\n","protected":false},"excerpt":{"rendered":"<p>** La gerente regional del Inces Distrito Capital tuvo la oportunidad de explicar a trav\u00e9s de la se\u00f1al de ANTV el funcionamiento del Inces<\/p>\n","protected":false},"author":4,"featured_media":39812,"comment_status":"closed","ping_status":"closed","sticky":false,"template":"","format":"standard","meta":{"footnotes":""},"categories":[2],"tags":[],"class_list":["post-39811","post","type-post","status-publish","format-standard","has-post-thumbnail","hentry","category-blog"],"_links":{"self":[{"href":"https:\/\/inces.gob.ve\/index.php\/wp-json\/wp\/v2\/posts\/39811","targetHints":{"allow":["GET"]}}],"collection":[{"href":"https:\/\/inces.gob.ve\/index.php\/wp-json\/wp\/v2\/posts"}],"about":[{"href":"https:\/\/inces.gob.ve\/index.php\/wp-json\/wp\/v2\/types\/post"}],"author":[{"embeddable":true,"href":"https:\/\/inces.gob.ve\/index.php\/wp-json\/wp\/v2\/users\/4"}],"replies":[{"embeddable":true,"href":"https:\/\/inces.gob.ve\/index.php\/wp-json\/wp\/v2\/comments?post=39811"}],"version-history":[{"count":3,"href":"https:\/\/inces.gob.ve\/index.php\/wp-json\/wp\/v2\/posts\/39811\/revisions"}],"predecessor-version":[{"id":39826,"href":"https:\/\/inces.gob.ve\/index.php\/wp-json\/wp\/v2\/posts\/39811\/revisions\/39826"}],"wp:featuredmedia":[{"embeddable":true,"href":"https:\/\/inces.gob.ve\/index.php\/wp-json\/wp\/v2\/media\/39812"}],"wp:attachment":[{"href":"https:\/\/inces.gob.ve\/index.php\/wp-json\/wp\/v2\/media?parent=39811"}],"wp:term":[{"taxonomy":"category","embeddable":true,"href":"https:\/\/inces.gob.ve\/index.php\/wp-json\/wp\/v2\/categories?post=39811"},{"taxonomy":"post_tag","embeddable":true,"href":"https:\/\/inces.gob.ve\/index.php\/wp-json\/wp\/v2\/tags?post=39811"}],"curies":[{"name":"wp","href":"https:\/\/api.w.org\/{rel}","templated":true}]}}