{"id":39814,"date":"2021-09-02T12:29:36","date_gmt":"2021-09-02T16:29:36","guid":{"rendered":"https:\/\/inces.gob.ve\/?p=39814"},"modified":"2021-09-06T12:32:22","modified_gmt":"2021-09-06T16:32:22","slug":"aragua-equipo-de-la-uea-inces-region-aragua-realizo-reunion-extraordinaria","status":"publish","type":"post","link":"https:\/\/inces.gob.ve\/index.php\/2021\/09\/02\/aragua-equipo-de-la-uea-inces-region-aragua-realizo-reunion-extraordinaria\/","title":{"rendered":"ARAGUA | Equipo de la UEA Inces Regi\u00f3n Aragua realiz\u00f3 reuni\u00f3n extraordinaria\u00a0"},"content":{"rendered":"<div dir=\"auto\" style=\"text-align: justify;\"><\/div>\n<div dir=\"auto\" style=\"text-align: justify;\"><span style=\"font-size: 14pt;\"><em><strong>** La jornada de trabajo estuvo compuesta por los responsables de los\u00a0 ambientes de la Unidad Educativa Aut\u00f3noma Adulto\u00a0 Inces Aragua<\/strong><\/em><\/span><\/div>\n<p><!--more--><\/p>\n<div dir=\"auto\"><\/div>\n<div dir=\"auto\" style=\"text-align: justify;\"><\/div>\n<div dir=\"auto\" style=\"text-align: justify;\"><span style=\"font-size: 14pt;\"><strong>NINOSKA PATRIZ<\/strong><\/span><\/div>\n<div dir=\"auto\" style=\"text-align: justify;\"><\/div>\n<div dir=\"auto\" style=\"text-align: justify;\"><\/div>\n<div dir=\"auto\" style=\"text-align: justify;\"><span style=\"font-size: 14pt;\">Desde los espacios de la Sede Inces Aragua la Jefa de la UEA Inces Regi\u00f3n Aragua, Magister Sorangel Blanco,\u00a0 di\u00f3 cita entre sus colaboradores para dictar los lineamientos del nuevo A\u00f1o Escolar 2021-2022 Periodo I Sep-Marzo de los Bachilleres Productivo en las Modalidades\u00a0 Presencial y Acreditaci\u00f3n.\u00a0<\/span><\/div>\n<div dir=\"auto\"><\/div>\n<div dir=\"auto\" style=\"text-align: justify;\"><\/div>\n<div dir=\"auto\" style=\"text-align: justify;\"><span style=\"font-size: 14pt;\">Por su parte, Blanco explico, que: \u00abSiguiendo los lineamientos de nuestro Presidente Nicol\u00e1s Maduro, el Titular del Inces Wikelman Angel Paredes y el Gerente General Inces Regi\u00f3n Aragua, Ingeniero Oliver Medina, reunimos trece ambientes, en funci\u00f3n de impulsar la formaci\u00f3n t\u00e9cnica profesional.<\/span><\/div>\n<div dir=\"auto\"><\/div>\n<div dir=\"auto\" style=\"text-align: justify;\"><\/div>\n<div dir=\"auto\" style=\"text-align: justify;\"><span style=\"font-size: 14pt;\">En tal sentido, a la misma,\u00a0 asistieron Ocho de los mencionados ambientes. Sin embargo, los Centros de Formaci\u00f3n Socialistas CFS Metalminero la\u00a0 Victoria, San mateo, La Colonia Tovar,\u00a0 Ocumare\u00a0 de la Costa y construcci\u00f3n\u00a0 realizaron conexi\u00f3n v\u00eda telef\u00f3nica\u00a0 y En L\u00ednea.<\/span><\/div>\n<div dir=\"auto\" style=\"text-align: justify;\"><\/div>\n<div dir=\"auto\" style=\"text-align: justify;\"><span style=\"font-size: 14pt;\">Por su parte, entre los\u00a0 ambientes asistentes se contaron a los Centros de Formaci\u00f3n Socialistas CFS:\u00a0 Villa de Cura, San Sebastian, El Limon, Cagua, Saman Tarazonero,\u00a0 Comercial Maracay,\u00a0 Metalminero Maracay, Berm\u00fadez.\u00a0<\/span><\/div>\n<div dir=\"auto\"><\/div>\n<div dir=\"auto\" style=\"text-align: justify;\"><\/div>\n<div dir=\"auto\" style=\"text-align: justify;\"><span style=\"font-size: 14pt;\">En \u00e9ste aspecto, la Jefa Sorangel explic\u00f3 que las pr\u00f3ximas\u00a0 inscripciones est\u00e1n establecidas en fecha de inicio a partir del 01 al 30 de septiembre.<\/span><\/div>\n<div dir=\"auto\"><\/div>\n<div dir=\"auto\" style=\"text-align: justify;\"><\/div>\n<div dir=\"auto\" style=\"text-align: justify;\"><span style=\"font-size: 14pt;\">\u00abY por supuesto, avanzamos de la mano con los lineamientos emanados por la Zona Educativa de Aragua ZEA, en relaci\u00f3n a lo concerniente para nuestros Bachilleres Productivo por acreditaci\u00f3n\u00bb, refiri\u00f3 la Jefa de la UEA.<\/span><\/div>\n<div dir=\"auto\"><\/div>\n<div dir=\"auto\" style=\"text-align: justify;\"><\/div>\n<div dir=\"auto\" style=\"text-align: justify;\"><span style=\"font-size: 14pt;\">En torno a \u00e9ste tema, Blanco aclar\u00f3 que se espera una jornada exitosa de socializaciones con el apoyo conjunto de la Supervisi\u00f3n de la Comisi\u00f3n Evaluadora destinada para tal fin.<\/span><\/div>\n","protected":false},"excerpt":{"rendered":"<p>** La jornada de trabajo estuvo compuesta por los responsables de los\u00a0 ambientes de la Unidad Educativa Aut\u00f3noma Adulto\u00a0 Inces Aragua<\/p>\n","protected":false},"author":4,"featured_media":39815,"comment_status":"closed","ping_status":"closed","sticky":false,"template":"","format":"standard","meta":{"footnotes":""},"categories":[2],"tags":[],"class_list":["post-39814","post","type-post","status-publish","format-standard","has-post-thumbnail","hentry","category-blog"],"_links":{"self":[{"href":"https:\/\/inces.gob.ve\/index.php\/wp-json\/wp\/v2\/posts\/39814","targetHints":{"allow":["GET"]}}],"collection":[{"href":"https:\/\/inces.gob.ve\/index.php\/wp-json\/wp\/v2\/posts"}],"about":[{"href":"https:\/\/inces.gob.ve\/index.php\/wp-json\/wp\/v2\/types\/post"}],"author":[{"embeddable":true,"href":"https:\/\/inces.gob.ve\/index.php\/wp-json\/wp\/v2\/users\/4"}],"replies":[{"embeddable":true,"href":"https:\/\/inces.gob.ve\/index.php\/wp-json\/wp\/v2\/comments?post=39814"}],"version-history":[{"count":1,"href":"https:\/\/inces.gob.ve\/index.php\/wp-json\/wp\/v2\/posts\/39814\/revisions"}],"predecessor-version":[{"id":39816,"href":"https:\/\/inces.gob.ve\/index.php\/wp-json\/wp\/v2\/posts\/39814\/revisions\/39816"}],"wp:featuredmedia":[{"embeddable":true,"href":"https:\/\/inces.gob.ve\/index.php\/wp-json\/wp\/v2\/media\/39815"}],"wp:attachment":[{"href":"https:\/\/inces.gob.ve\/index.php\/wp-json\/wp\/v2\/media?parent=39814"}],"wp:term":[{"taxonomy":"category","embeddable":true,"href":"https:\/\/inces.gob.ve\/index.php\/wp-json\/wp\/v2\/categories?post=39814"},{"taxonomy":"post_tag","embeddable":true,"href":"https:\/\/inces.gob.ve\/index.php\/wp-json\/wp\/v2\/tags?post=39814"}],"curies":[{"name":"wp","href":"https:\/\/api.w.org\/{rel}","templated":true}]}}