{"id":39817,"date":"2021-09-03T12:35:11","date_gmt":"2021-09-03T16:35:11","guid":{"rendered":"https:\/\/inces.gob.ve\/?p=39817"},"modified":"2021-09-06T12:37:32","modified_gmt":"2021-09-06T16:37:32","slug":"aragua-fanb-e-inces-regional-en-perfecta-union-civico-militar","status":"publish","type":"post","link":"https:\/\/inces.gob.ve\/index.php\/2021\/09\/03\/aragua-fanb-e-inces-regional-en-perfecta-union-civico-militar\/","title":{"rendered":"ARAGUA | FANB e Inces regional en perfecta uni\u00f3n c\u00edvico militar"},"content":{"rendered":"<div dir=\"auto\" style=\"text-align: justify;\"><em><strong><span style=\"font-size: 14pt;\">** Desde el Cuartel Avelardo M\u00e9rida se iniciaron formaciones en torno a los motores: Turismo y Servicios<\/span><\/strong><\/em><\/div>\n<p style=\"text-align: justify;\"><!--more--><\/p>\n<div dir=\"auto\" style=\"text-align: justify;\"><\/div>\n<div dir=\"auto\" style=\"text-align: justify;\"><strong>NINOSKA PATRIZ<\/strong><\/div>\n<div dir=\"auto\" style=\"text-align: justify;\"><\/div>\n<div dir=\"auto\" style=\"text-align: justify;\"><span style=\"font-size: 14pt;\">Siguiendo los pasos del legado de nuestro Comandante eterno Hugo Rafael Ch\u00e1vez Frias y de la mano de las l\u00edneas de acci\u00f3n estrat\u00e9gicas de nuestro presidente Nicol\u00e1s Maduro, el titular del Inces Wikelman Angel Paredes y el gerente general del Inces Regi\u00f3n Aragua,\u00a0 Oliver Medina, se realiz\u00f3 le enlace para dictar formaciones desde el Cuartel Avelardo M\u00e9rida,\u00a0 parroquia Las Delicias, Municipio Girardot.<\/span><\/div>\n<div dir=\"auto\" style=\"text-align: justify;\"><\/div>\n<div dir=\"auto\" style=\"text-align: justify;\"><\/div>\n<div dir=\"auto\" style=\"text-align: justify;\"><span style=\"font-size: 14pt;\">En tal sentido, se conoci\u00f3 que para la gloriosa labor formativa de los 30 participantes compuestos en esta oportunidad de oficiales, personal profesional y civil del batall\u00f3n de ingenieros de la destacada unidad militar en modalidad presencial, fueron designados a los\u00a0 Centros de Formaci\u00f3n CFS: El Lim\u00f3n, El Programa Turismo y El Metalminero Maracay.<\/span><\/div>\n<div dir=\"auto\" style=\"text-align: justify;\"><\/div>\n<div dir=\"auto\" style=\"text-align: justify;\"><\/div>\n<div dir=\"auto\" style=\"text-align: justify;\"><span style=\"font-size: 14pt;\">Por su parte, el Ingeniero Medina desde conexi\u00f3n En L\u00ednea Inform\u00f3 que los camaradas representantes de los respectivos CFS son: el Maestro T\u00e9cnico Productivo, Carlos Soteldo y las Jefas Yildred Fuentes y Elizabeth S\u00e1nchez, representantes de dichos Centros respectivamente.<\/span><\/div>\n<div dir=\"auto\" style=\"text-align: justify;\"><\/div>\n<div dir=\"auto\" style=\"text-align: justify;\"><\/div>\n<div dir=\"auto\" style=\"text-align: justify;\"><\/div>\n<div dir=\"auto\" style=\"text-align: justify;\"><span style=\"font-size: 14pt;\">En \u00e9ste aspecto, las formaciones productivas impulsadas para tal fin son: Reparaci\u00f3n de artefactos menores, Cocina y Plomer\u00eda.\u00a0<\/span><\/div>\n<div dir=\"auto\" style=\"text-align: justify;\"><\/div>\n<div dir=\"auto\" style=\"text-align: justify;\"><\/div>\n<div dir=\"auto\" style=\"text-align: justify;\"><span style=\"font-size: 14pt;\">\u00abSomos soldados forjados en llamarada ardiente del fuego sagrado de cada batalla, como dijera nuestro Comandante eterno Hugo Ch\u00e1vez y seguimos\u00a0 adelante indetenibles, hasta la victoria siempre\u00bb, enfatiz\u00f3 Medina.<\/span><\/div>\n","protected":false},"excerpt":{"rendered":"<p>** Desde el Cuartel Avelardo M\u00e9rida se iniciaron formaciones en torno a los motores: Turismo y Servicios<\/p>\n","protected":false},"author":4,"featured_media":39818,"comment_status":"closed","ping_status":"closed","sticky":false,"template":"","format":"standard","meta":{"footnotes":""},"categories":[2],"tags":[],"class_list":["post-39817","post","type-post","status-publish","format-standard","has-post-thumbnail","hentry","category-blog"],"_links":{"self":[{"href":"https:\/\/inces.gob.ve\/index.php\/wp-json\/wp\/v2\/posts\/39817","targetHints":{"allow":["GET"]}}],"collection":[{"href":"https:\/\/inces.gob.ve\/index.php\/wp-json\/wp\/v2\/posts"}],"about":[{"href":"https:\/\/inces.gob.ve\/index.php\/wp-json\/wp\/v2\/types\/post"}],"author":[{"embeddable":true,"href":"https:\/\/inces.gob.ve\/index.php\/wp-json\/wp\/v2\/users\/4"}],"replies":[{"embeddable":true,"href":"https:\/\/inces.gob.ve\/index.php\/wp-json\/wp\/v2\/comments?post=39817"}],"version-history":[{"count":3,"href":"https:\/\/inces.gob.ve\/index.php\/wp-json\/wp\/v2\/posts\/39817\/revisions"}],"predecessor-version":[{"id":39821,"href":"https:\/\/inces.gob.ve\/index.php\/wp-json\/wp\/v2\/posts\/39817\/revisions\/39821"}],"wp:featuredmedia":[{"embeddable":true,"href":"https:\/\/inces.gob.ve\/index.php\/wp-json\/wp\/v2\/media\/39818"}],"wp:attachment":[{"href":"https:\/\/inces.gob.ve\/index.php\/wp-json\/wp\/v2\/media?parent=39817"}],"wp:term":[{"taxonomy":"category","embeddable":true,"href":"https:\/\/inces.gob.ve\/index.php\/wp-json\/wp\/v2\/categories?post=39817"},{"taxonomy":"post_tag","embeddable":true,"href":"https:\/\/inces.gob.ve\/index.php\/wp-json\/wp\/v2\/tags?post=39817"}],"curies":[{"name":"wp","href":"https:\/\/api.w.org\/{rel}","templated":true}]}}