{"id":39849,"date":"2021-09-08T18:05:32","date_gmt":"2021-09-08T22:05:32","guid":{"rendered":"https:\/\/inces.gob.ve\/?p=39849"},"modified":"2021-09-08T18:05:32","modified_gmt":"2021-09-08T22:05:32","slug":"trujillo-unidad-educativa-del-inces-prepara-mesas-de-trabajo","status":"publish","type":"post","link":"https:\/\/inces.gob.ve\/index.php\/2021\/09\/08\/trujillo-unidad-educativa-del-inces-prepara-mesas-de-trabajo\/","title":{"rendered":"TRUJILLO | Unidad Educativa del Inces prepara mesas de trabajo"},"content":{"rendered":"<p style=\"text-align: justify;\" align=\"justify\"><em><strong><span style=\"font-family: 'Bitstream Charter', serif; font-size: 14pt;\">*** El organismo est\u00e1 solicitando para este pr\u00f3ximo a\u00f1o escolar 2021-2022 el Modelo de Guias Pedag\u00f3gicas de forma que se pueda contextualizar de acuerdo a las potencialidades, habilidades de los participantes, sus familias y los territorios<\/span><\/strong><\/em><!--more--><\/p>\n<p align=\"justify\">\n<p style=\"text-align: justify;\" align=\"justify\"><strong><span style=\"font-family: 'Bitstream Charter', serif; font-size: 14pt;\">MAR\u00cdA CABRERA<\/span><\/strong><\/p>\n<p style=\"text-align: justify;\" align=\"justify\"><span style=\"font-family: 'Bitstream Charter', serif; font-size: 14pt;\">La Unidad Educativa del Inces Trujillo estar\u00e1 realizando para finales de mes importantes mesas de discusi\u00f3n donde se crear\u00e1n las gu\u00edas de trabajo que se emplear\u00e1n para este nuevo a\u00f1o escolar tomando como referencia la Colecci\u00f3n Bicentenaria, referente que permitir\u00e1 al facilitador de cada \u00e1rea del conocimiento, realizar su planificaci\u00f3n del primer momento pedag\u00f3gico enmarcado en los Ejes Referenciales.<\/span><\/p>\n<p style=\"text-align: justify;\" align=\"justify\">\n<p style=\"text-align: justify;\" align=\"justify\"><span style=\"font-family: 'Bitstream Charter', serif; font-size: 14pt;\">Tal afirmaci\u00f3n la hizo la Solimar Morillo, coordinadora de la Unidad Educativa del Inces-Trujillo quien explica que el procedimiento se llevar\u00e1 a cabo desde el 27 de septiembre hasta comienzos del mes de octubre, justo antes del inicio formal de clases en todo el pa\u00eds, con asistencia de representantes de la Zona Educativa del estado Trujillo.<\/span><\/p>\n<p style=\"text-align: justify;\" align=\"justify\">\n<p style=\"text-align: justify;\" align=\"justify\"><span style=\"font-family: 'Bitstream Charter', serif; font-size: 14pt;\">Por tal motivo la Unidad Educativa del Inces Trujillo est\u00e1 solicitando el Modelo de Gu\u00edas Pedag\u00f3gicas para este pr\u00f3ximo a\u00f1o escolar 2021-2022 de forma que se pueda contextualizar de acuerdo a las potencialidades, habilidades de los participantes, sus familias los territorios, es decir, las poblaciones, considerando entre otros aspectos, las particularidades que cada estado tiene en con respecto a la pandemia.<\/span><\/p>\n<p align=\"justify\">\n<p style=\"text-align: justify;\" align=\"justify\"><span style=\"font-family: 'Bitstream Charter', serif; font-size: 14pt;\">\u00abLa idea principal es mantener la intenci\u00f3n curricular compatible con los planes de estudio del nivel de Educaci\u00f3n Media Modalidad Adultos y Adultas. Es por ello que desde el 27 de septiembre hasta el 1 de octubre se realizar\u00e1n las mesas de trabajo en el Centro de Formaci\u00f3n Socialista \u201cBarbarita de La Torre\u201d, lugar donde funciona la Unidad Educativa Inces-Trujillo.<\/span><\/p>\n<p align=\"justify\">\n<p style=\"text-align: justify;\" align=\"justify\"><span style=\"color: #000000; font-size: 14pt;\"><span style=\"font-family: Liberation Serif, Times New Roman;\"><span style=\"font-family: Bitstream Charter, serif;\">E<\/span><span style=\"font-family: Bitstream Charter, serif;\">s importante se\u00f1alar, que\u00a0<\/span><span style=\"font-family: Bitstream Charter, serif;\">igualmente\u00a0<\/span><span style=\"font-family: Bitstream Charter, serif;\">para\u00a0<\/span><span style=\"font-family: Bitstream Charter, serif;\">el final de la primera quincena de septiembre,<\/span><span style=\"font-family: Bitstream Charter, serif;\">\u00a0<\/span><span style=\"font-family: Bitstream Charter, serif;\">en el centro de formaci\u00f3n<\/span><span style=\"font-family: Bitstream Charter, serif;\">\u00a0\u201cAli Primera\u201d, auditorio \u00abLuis<\/span><span style=\"font-family: Bitstream Charter, serif;\">\u00a0Beltr\u00e1n Prieto Figueroa\u201d\u00a0<\/span><span style=\"font-family: Bitstream Charter, serif;\">se estar\u00e1 llevando el primer encuentro con los trabajadores de las diferentes entidades de trabajo de nuestro estado, quienes se van a acreditar en este a\u00f1o escolar 2021-2022, con la finalidad de orientarlos respecto a c\u00f3mo van a realizar su autobiograf\u00eda, <\/span><span style=\"font-family: Bitstream Charter, serif;\">dijo por \u00faltimo Solimar Morillo.<\/span><\/span><\/span><\/p>\n","protected":false},"excerpt":{"rendered":"<p>*** El organismo est\u00e1 solicitando para este pr\u00f3ximo a\u00f1o escolar 2021-2022 el Modelo de Guias Pedag\u00f3gicas de forma que se pueda contextualizar de acuerdo a las potencialidades, habilidades de los participantes, sus familias y los territorios<\/p>\n","protected":false},"author":4,"featured_media":39850,"comment_status":"closed","ping_status":"closed","sticky":false,"template":"","format":"standard","meta":{"footnotes":""},"categories":[2],"tags":[],"class_list":["post-39849","post","type-post","status-publish","format-standard","has-post-thumbnail","hentry","category-blog"],"_links":{"self":[{"href":"https:\/\/inces.gob.ve\/index.php\/wp-json\/wp\/v2\/posts\/39849","targetHints":{"allow":["GET"]}}],"collection":[{"href":"https:\/\/inces.gob.ve\/index.php\/wp-json\/wp\/v2\/posts"}],"about":[{"href":"https:\/\/inces.gob.ve\/index.php\/wp-json\/wp\/v2\/types\/post"}],"author":[{"embeddable":true,"href":"https:\/\/inces.gob.ve\/index.php\/wp-json\/wp\/v2\/users\/4"}],"replies":[{"embeddable":true,"href":"https:\/\/inces.gob.ve\/index.php\/wp-json\/wp\/v2\/comments?post=39849"}],"version-history":[{"count":1,"href":"https:\/\/inces.gob.ve\/index.php\/wp-json\/wp\/v2\/posts\/39849\/revisions"}],"predecessor-version":[{"id":39851,"href":"https:\/\/inces.gob.ve\/index.php\/wp-json\/wp\/v2\/posts\/39849\/revisions\/39851"}],"wp:featuredmedia":[{"embeddable":true,"href":"https:\/\/inces.gob.ve\/index.php\/wp-json\/wp\/v2\/media\/39850"}],"wp:attachment":[{"href":"https:\/\/inces.gob.ve\/index.php\/wp-json\/wp\/v2\/media?parent=39849"}],"wp:term":[{"taxonomy":"category","embeddable":true,"href":"https:\/\/inces.gob.ve\/index.php\/wp-json\/wp\/v2\/categories?post=39849"},{"taxonomy":"post_tag","embeddable":true,"href":"https:\/\/inces.gob.ve\/index.php\/wp-json\/wp\/v2\/tags?post=39849"}],"curies":[{"name":"wp","href":"https:\/\/api.w.org\/{rel}","templated":true}]}}