{"id":39869,"date":"2021-09-09T10:03:13","date_gmt":"2021-09-09T14:03:13","guid":{"rendered":"https:\/\/inces.gob.ve\/?p=39869"},"modified":"2021-09-09T10:03:13","modified_gmt":"2021-09-09T14:03:13","slug":"aragua-programa-penitenciario-y-cfs-polivalente-bermudez-fortalecen-espacios-productivos","status":"publish","type":"post","link":"https:\/\/inces.gob.ve\/index.php\/2021\/09\/09\/aragua-programa-penitenciario-y-cfs-polivalente-bermudez-fortalecen-espacios-productivos\/","title":{"rendered":"ARAGUA | Programa Penitenciario y CFS Polivalente Berm\u00fadez fortalecen espacios productivos\u00a0\u00a0\u00a0\u00a0\u00a0\u00a0"},"content":{"rendered":"<p style=\"text-align: justify;\"><em><strong><span style=\"font-size: 14pt;\">** Desde la premisa formar produciendo, producir formando, el Inces Aragua satisface las necesidades del pueblo<\/span><\/strong><\/em><!--more--><\/p>\n<p style=\"text-align: justify;\">\n<p style=\"text-align: justify;\"><strong><span style=\"font-size: 14pt;\">ROD\u00cdN BUSTILLOS<\/span><\/strong><\/p>\n<p style=\"text-align: justify;\"><span style=\"font-size: 14pt;\">El Inces sigue los lineamientos del presidente Nicol\u00e1s Maduro, el titular de la instituci\u00f3n, Wuikelman Angel y del gerente regional de la regional arag\u00fce\u00f1a, Oliver Medina, para seguir fortaleciendo las l\u00edneas estrat\u00e9gicas 2021 para los cambios necesarios que se requieren para el desarrollo productivo.\u00a0\u00a0\u00a0\u00a0\u00a0\u00a0<\/span><\/p>\n<p style=\"text-align: justify;\">\n<p style=\"text-align: justify;\"><span style=\"font-size: 14pt;\">Los centros de formaci\u00f3n socialista (CFS) de la entidad arag\u00fce\u00f1a como el Polivalente Berm\u00fadez y el Programa Penitenciario del Inces, vienen impulsando los procesos productivos a partir del encadenamiento, la cooperaci\u00f3n y la articulaci\u00f3n, conformando espacios agr\u00edcolas.<\/span><\/p>\n<p style=\"text-align: justify;\">\n<p style=\"text-align: justify;\"><span style=\"font-size: 14pt;\">As\u00ed lo inform\u00f3 Rosa Torres, del Programa Penitenciario Inces Aragua, quien inform\u00f3 que en conjunto con los maestros t\u00e9cnicos productivos (MTP) est\u00e1n fortaleciendo los espacios productivos dentro de los CFS de la entidad arag\u00fce\u00f1a.<\/span><\/p>\n<p style=\"text-align: justify;\">\n<p style=\"text-align: justify;\"><span style=\"font-size: 14pt;\">\u00abA trav\u00e9s de cada coordinador Agr\u00edcola, como lo han venido ejecutando los MTP Marlene Febres y Johanna Gal\u00edndez, hemos logrado activar nuestros espacios para la agricultura\u00bb, acot\u00f3 Torres.<\/span><\/p>\n<p style=\"text-align: justify;\">\n<p style=\"text-align: justify;\"><span style=\"font-size: 14pt;\">Inform\u00f3 Torres que han venido ejecutando el desarrollo productivo en cuanto a la preparaci\u00f3n de pl\u00e1ntulas, semilleros y trasplantes de plantas, con el fin de conformar circuitos productivos complementarios en los CFS, para interactuar con distintos actores.<\/span><\/p>\n<p style=\"text-align: justify;\">\n<p style=\"text-align: justify;\"><span style=\"font-size: 14pt;\">\u00abHacemos intercambios de semillas y plantas en los CFS, al igual con los centros penitenciarios, tambi\u00e9n con las comunidades organizadas, con el fin de llevar nuestros aportes para el desarrollo de la formaci\u00f3n en el \u00e1rea agr\u00edcola\u00bb, puntualiz\u00f3 Torres.<\/span><\/p>\n","protected":false},"excerpt":{"rendered":"<p>** Desde la premisa formar produciendo, producir formando, el Inces Aragua satisface las necesidades del pueblo<\/p>\n","protected":false},"author":4,"featured_media":39870,"comment_status":"closed","ping_status":"closed","sticky":false,"template":"","format":"standard","meta":{"footnotes":""},"categories":[2],"tags":[],"class_list":["post-39869","post","type-post","status-publish","format-standard","has-post-thumbnail","hentry","category-blog"],"_links":{"self":[{"href":"https:\/\/inces.gob.ve\/index.php\/wp-json\/wp\/v2\/posts\/39869","targetHints":{"allow":["GET"]}}],"collection":[{"href":"https:\/\/inces.gob.ve\/index.php\/wp-json\/wp\/v2\/posts"}],"about":[{"href":"https:\/\/inces.gob.ve\/index.php\/wp-json\/wp\/v2\/types\/post"}],"author":[{"embeddable":true,"href":"https:\/\/inces.gob.ve\/index.php\/wp-json\/wp\/v2\/users\/4"}],"replies":[{"embeddable":true,"href":"https:\/\/inces.gob.ve\/index.php\/wp-json\/wp\/v2\/comments?post=39869"}],"version-history":[{"count":1,"href":"https:\/\/inces.gob.ve\/index.php\/wp-json\/wp\/v2\/posts\/39869\/revisions"}],"predecessor-version":[{"id":39871,"href":"https:\/\/inces.gob.ve\/index.php\/wp-json\/wp\/v2\/posts\/39869\/revisions\/39871"}],"wp:featuredmedia":[{"embeddable":true,"href":"https:\/\/inces.gob.ve\/index.php\/wp-json\/wp\/v2\/media\/39870"}],"wp:attachment":[{"href":"https:\/\/inces.gob.ve\/index.php\/wp-json\/wp\/v2\/media?parent=39869"}],"wp:term":[{"taxonomy":"category","embeddable":true,"href":"https:\/\/inces.gob.ve\/index.php\/wp-json\/wp\/v2\/categories?post=39869"},{"taxonomy":"post_tag","embeddable":true,"href":"https:\/\/inces.gob.ve\/index.php\/wp-json\/wp\/v2\/tags?post=39869"}],"curies":[{"name":"wp","href":"https:\/\/api.w.org\/{rel}","templated":true}]}}