{"id":39887,"date":"2021-09-13T10:45:43","date_gmt":"2021-09-13T14:45:43","guid":{"rendered":"https:\/\/inces.gob.ve\/?p=39887"},"modified":"2021-09-13T10:45:43","modified_gmt":"2021-09-13T14:45:43","slug":"inces-inaugura-planta-procesadora-de-alimento-para-animales-en-el-23-de-enero","status":"publish","type":"post","link":"https:\/\/inces.gob.ve\/index.php\/2021\/09\/13\/inces-inaugura-planta-procesadora-de-alimento-para-animales-en-el-23-de-enero\/","title":{"rendered":"Inces inaugura planta procesadora de alimento para animales en el 23 de Enero"},"content":{"rendered":"<p style=\"text-align: justify;\"><span style=\"font-size: 14pt;\"><strong><em>** La planta funcionar\u00e1 gracias a la alianza estrat\u00e9gica establecida entre la empresa de propiedad social Deniye Ire, los ministerios de Agricultura Urbana y Desarrollo Productivo Agrourbano, la fundaci\u00f3n Tres Ra\u00edces y el Inces\u00a0<\/em><\/strong><\/span><\/p>\n<p style=\"text-align: justify;\"><span style=\"font-size: 14pt;\"><!--more--><\/span><\/p>\n<p style=\"text-align: justify;\">\n<p style=\"text-align: justify;\"><span style=\"font-size: 14pt;\"><strong>DIMAS\u00a0 P\u00c1EZ<\/strong><\/span><\/p>\n<p style=\"text-align: justify;\"><span style=\"font-size: 14pt;\">En el centro de formaci\u00f3n socialista (CFS) del Inces Metalminero \u201cHeyker V\u00e1squez\u201d, ubicado en el 23 de Enero, se inaugur\u00f3 la Planta de Alimentos Balanceados para Animales (ABA).<\/span><\/p>\n<p>&nbsp;<\/p>\n<p style=\"text-align: justify;\"><span style=\"font-size: 14pt;\">El acto estuvo presidido por la Ministra Greicys Barrios, en compa\u00f1\u00eda del viceministro de Desarrollo Productivo Agrourbano, Yader Salazar; el director Estrat\u00e9gico de Formaci\u00f3n y Autoformacion del Inces, Guyen Soto y el jefe del CFS Eudys Otaiza.<\/span><\/p>\n<p style=\"text-align: justify;\">\n<p>&nbsp;<\/p>\n<p style=\"text-align: justify;\"><span style=\"font-size: 14pt;\">\u201cHoy celebramos el d\u00eda internacional de la agricultura; y que mejor forma de hacerlo que con la inauguraci\u00f3n de la planta ABA, creada por la fundaci\u00f3n Tres Ra\u00edces y por los combatientes de esta parroquia aguerrida\u201d, dijo la ministra.<\/span><\/p>\n<p>&nbsp;<\/p>\n<p style=\"text-align: justify;\"><img loading=\"lazy\" decoding=\"async\" class=\"size-large wp-image-39902 aligncenter\" src=\"https:\/\/inces.gob.ve\/wp-content\/uploads\/2021\/09\/MG_0785-1024x575.jpg\" alt=\"\" width=\"640\" height=\"359\" srcset=\"https:\/\/inces.gob.ve\/wp-content\/uploads\/2021\/09\/MG_0785-1024x575.jpg 1024w, https:\/\/inces.gob.ve\/wp-content\/uploads\/2021\/09\/MG_0785-300x168.jpg 300w, https:\/\/inces.gob.ve\/wp-content\/uploads\/2021\/09\/MG_0785-768x431.jpg 768w, https:\/\/inces.gob.ve\/wp-content\/uploads\/2021\/09\/MG_0785-1536x862.jpg 1536w, https:\/\/inces.gob.ve\/wp-content\/uploads\/2021\/09\/MG_0785-2048x1150.jpg 2048w\" sizes=\"auto, (max-width: 640px) 100vw, 640px\" \/><br \/>\n<span style=\"font-size: 14pt;\">Agreg\u00f3 la titular de agricultura urbana: \u201cEst\u00e1 planta viene a garantizar la producci\u00f3n de alimentos para la cr\u00eda de especies menores como los cerdos, las gallinas y los pollos de engorde, todo ello como parte de la ejecuci\u00f3n del Plan Agrourbano Carabobo 200, aprobado por nuestro presidente Nicol\u00e1s Maduro\u201d.<\/span><\/p>\n<p>&nbsp;<\/p>\n<p style=\"text-align: justify;\">\n<span style=\"font-size: 14pt;\">Por su parte Guyen Soto expres\u00f3: \u201cEn los espacios del Inces se consolida una experiencia productiva. Nuestro aporte es formativo y metodol\u00f3gico. Es la aplicaci\u00f3n concreta del socialismo territorial so\u00f1ado nuestro presidente Hugo Chav\u00e9z\u201d.<\/span><\/p>\n<p><img loading=\"lazy\" decoding=\"async\" class=\"size-large wp-image-39903 aligncenter\" src=\"https:\/\/inces.gob.ve\/wp-content\/uploads\/2021\/09\/MG_0803-1024x575.jpg\" alt=\"\" width=\"640\" height=\"359\" srcset=\"https:\/\/inces.gob.ve\/wp-content\/uploads\/2021\/09\/MG_0803-1024x575.jpg 1024w, https:\/\/inces.gob.ve\/wp-content\/uploads\/2021\/09\/MG_0803-300x168.jpg 300w, https:\/\/inces.gob.ve\/wp-content\/uploads\/2021\/09\/MG_0803-768x431.jpg 768w, https:\/\/inces.gob.ve\/wp-content\/uploads\/2021\/09\/MG_0803-1536x862.jpg 1536w, https:\/\/inces.gob.ve\/wp-content\/uploads\/2021\/09\/MG_0803-2048x1150.jpg 2048w\" sizes=\"auto, (max-width: 640px) 100vw, 640px\" \/><\/p>\n<p>&nbsp;<\/p>\n<p style=\"text-align: justify;\"><span style=\"font-size: 14pt;\">Agreg\u00f3 el director del Inces: \u201cEn la cadena productiva de los alimentos, el ABA es factor importante para producir los nutrientes para los animales. Sin este mecanismo no habr\u00eda prote\u00ednas posibles, por lo tanto, a trav\u00e9s de este estudio de la experiencia del ejercicio de la formaci\u00f3n y de la producci\u00f3n pudimos detectar la necesidad de la planta\u201d.<\/span><\/p>\n<p style=\"text-align: justify;\">\n<p style=\"text-align: justify;\"><span style=\"font-size: 14pt;\">Asimismo, Soto reconoci\u00f3 el apoyo de la ministra Greycis Barrios, quien ayud\u00f3 a reconocer dentro de la cadena productiva la producci\u00f3n de los alimentos para animales para no depender del sector privado, \u201cde esta forma estamos dando un paso hacia la soberan\u00eda alimentaria\u201d, finaliz\u00f3.<\/span><\/p>\n<p>&nbsp;<\/p>\n<p style=\"text-align: justify;\"><img loading=\"lazy\" decoding=\"async\" class=\"alignnone size-large wp-image-39900\" src=\"https:\/\/inces.gob.ve\/wp-content\/uploads\/2021\/09\/MG_0758-1024x575.jpg\" alt=\"\" width=\"640\" height=\"359\" srcset=\"https:\/\/inces.gob.ve\/wp-content\/uploads\/2021\/09\/MG_0758-1024x575.jpg 1024w, https:\/\/inces.gob.ve\/wp-content\/uploads\/2021\/09\/MG_0758-300x168.jpg 300w, https:\/\/inces.gob.ve\/wp-content\/uploads\/2021\/09\/MG_0758-768x431.jpg 768w, https:\/\/inces.gob.ve\/wp-content\/uploads\/2021\/09\/MG_0758-1536x862.jpg 1536w, https:\/\/inces.gob.ve\/wp-content\/uploads\/2021\/09\/MG_0758-2048x1150.jpg 2048w\" sizes=\"auto, (max-width: 640px) 100vw, 640px\" \/><br \/>\n<span style=\"font-size: 14pt;\">Por su parte, Eudys Otayza manifest\u00f3 que en el CFS del Inces est\u00e1n \u201corgullosos de estar del lado correcto de la historia, porque desde aqu\u00ed, desde la planta ABA, nosotros vamos a lograr suministrar los alimentos para los animales de bajo impacto que se puedan tener en las \u00e1reas urbanas e interurbanas, llevando a nuestro pueblo las prote\u00ednas accesibles que los enemigos de la patria tienen a alto costo. Nosotros se lo vamos a llevar a un precio accesible, gracias al apoyo del Inces\u201d.<\/span><\/p>\n","protected":false},"excerpt":{"rendered":"<p>** La planta funcionar\u00e1 gracias a la alianza estrat\u00e9gica establecida entre la empresa de propiedad social Deniye Ire, los ministerios de Agricultura Urbana y Desarrollo Productivo Agrourbano, la fundaci\u00f3n Tres Ra\u00edces y el Inces\u00a0<\/p>\n","protected":false},"author":4,"featured_media":39901,"comment_status":"closed","ping_status":"closed","sticky":false,"template":"","format":"standard","meta":{"footnotes":""},"categories":[2],"tags":[],"class_list":["post-39887","post","type-post","status-publish","format-standard","has-post-thumbnail","hentry","category-blog"],"_links":{"self":[{"href":"https:\/\/inces.gob.ve\/index.php\/wp-json\/wp\/v2\/posts\/39887","targetHints":{"allow":["GET"]}}],"collection":[{"href":"https:\/\/inces.gob.ve\/index.php\/wp-json\/wp\/v2\/posts"}],"about":[{"href":"https:\/\/inces.gob.ve\/index.php\/wp-json\/wp\/v2\/types\/post"}],"author":[{"embeddable":true,"href":"https:\/\/inces.gob.ve\/index.php\/wp-json\/wp\/v2\/users\/4"}],"replies":[{"embeddable":true,"href":"https:\/\/inces.gob.ve\/index.php\/wp-json\/wp\/v2\/comments?post=39887"}],"version-history":[{"count":1,"href":"https:\/\/inces.gob.ve\/index.php\/wp-json\/wp\/v2\/posts\/39887\/revisions"}],"predecessor-version":[{"id":39904,"href":"https:\/\/inces.gob.ve\/index.php\/wp-json\/wp\/v2\/posts\/39887\/revisions\/39904"}],"wp:featuredmedia":[{"embeddable":true,"href":"https:\/\/inces.gob.ve\/index.php\/wp-json\/wp\/v2\/media\/39901"}],"wp:attachment":[{"href":"https:\/\/inces.gob.ve\/index.php\/wp-json\/wp\/v2\/media?parent=39887"}],"wp:term":[{"taxonomy":"category","embeddable":true,"href":"https:\/\/inces.gob.ve\/index.php\/wp-json\/wp\/v2\/categories?post=39887"},{"taxonomy":"post_tag","embeddable":true,"href":"https:\/\/inces.gob.ve\/index.php\/wp-json\/wp\/v2\/tags?post=39887"}],"curies":[{"name":"wp","href":"https:\/\/api.w.org\/{rel}","templated":true}]}}