{"id":39938,"date":"2021-09-15T09:30:26","date_gmt":"2021-09-15T13:30:26","guid":{"rendered":"https:\/\/inces.gob.ve\/?p=39938"},"modified":"2021-09-15T09:30:26","modified_gmt":"2021-09-15T13:30:26","slug":"merida-cfs-el-vigia-inaugura-salon-de-reuniones","status":"publish","type":"post","link":"https:\/\/inces.gob.ve\/index.php\/2021\/09\/15\/merida-cfs-el-vigia-inaugura-salon-de-reuniones\/","title":{"rendered":"M\u00c9RIDA | CFS El Vig\u00eda inaugura sal\u00f3n de reuniones"},"content":{"rendered":"<p style=\"text-align: justify;\"><strong><em>** El nuevo espacio estar\u00e1 al servicio de los maestros y profesores para la planificaci\u00f3n en las distintas \u00e1reas de formaci\u00f3n<\/em><\/strong><\/p>\n<p style=\"text-align: justify;\"><!--more--><br \/>\n<strong>NADIA LOBO<\/strong><br \/>\nEntre las actividades m\u00e1s destacada para celebrar el 62 aniversario del Inces, el centro de formaci\u00f3n socialista (CFS) El Vig\u00eda inaugur\u00f3 el sal\u00f3n de reuniones \u201cProfesora Constancia Rivas\u201d, como un homenaje a una de las excelentes maestras que han dejado un efectivo legado, y que adem\u00e1s, impuls\u00f3 la creaci\u00f3n de un centro de formaci\u00f3n Inces en el municipio Alberto Adriani.<\/p>\n<p style=\"text-align: justify;\">Con el corte de la cinta tricolor, qued\u00f3 oficialmente inaugurado el sal\u00f3n, contando con la presencia del gerente regional del Inces-M\u00e9rida, Geldrit Roca, quien en compa\u00f1\u00eda de los jefes del CFS El Vig\u00eda, responsables de programas y divisiones, as\u00ed como trabajadores, maestros y personal retirado, destac\u00f3 la importancia de reconocer la labor y el aporte de los jubilados y pensionados a lo largo de la historia de esta instituci\u00f3n.<\/p>\n<p style=\"text-align: justify;\">Por su parte, Isley Moreno, responsable del CFS, explic\u00f3 que el nuevo espacio, adem\u00e1s de reconocer la labor de la maestra Constancia Rivas, servir\u00e1 como un lugar para la planificaci\u00f3n, organizaci\u00f3n y programaci\u00f3n de las diferentes ofertas formativas que ofrece el Inces.<\/p>\n<p style=\"text-align: justify;\">Indic\u00f3 igualmente que el sal\u00f3n cuenta con una galer\u00eda de los trabajadores fallecidos que dejaron un profundo legado en cada una de sus funciones en la instituci\u00f3n, con la finalidad de rendirle un merecido homenaje y recordar su compromiso con el Inces.<\/p>\n<p style=\"text-align: justify;\">\n<p style=\"text-align: justify;\">\n","protected":false},"excerpt":{"rendered":"<p>** El nuevo espacio estar\u00e1 al servicio de los maestros y profesores para la planificaci\u00f3n en las distintas \u00e1reas de formaci\u00f3n<\/p>\n","protected":false},"author":4,"featured_media":39939,"comment_status":"closed","ping_status":"closed","sticky":false,"template":"","format":"standard","meta":{"footnotes":""},"categories":[2],"tags":[],"class_list":["post-39938","post","type-post","status-publish","format-standard","has-post-thumbnail","hentry","category-blog"],"_links":{"self":[{"href":"https:\/\/inces.gob.ve\/index.php\/wp-json\/wp\/v2\/posts\/39938","targetHints":{"allow":["GET"]}}],"collection":[{"href":"https:\/\/inces.gob.ve\/index.php\/wp-json\/wp\/v2\/posts"}],"about":[{"href":"https:\/\/inces.gob.ve\/index.php\/wp-json\/wp\/v2\/types\/post"}],"author":[{"embeddable":true,"href":"https:\/\/inces.gob.ve\/index.php\/wp-json\/wp\/v2\/users\/4"}],"replies":[{"embeddable":true,"href":"https:\/\/inces.gob.ve\/index.php\/wp-json\/wp\/v2\/comments?post=39938"}],"version-history":[{"count":1,"href":"https:\/\/inces.gob.ve\/index.php\/wp-json\/wp\/v2\/posts\/39938\/revisions"}],"predecessor-version":[{"id":39940,"href":"https:\/\/inces.gob.ve\/index.php\/wp-json\/wp\/v2\/posts\/39938\/revisions\/39940"}],"wp:featuredmedia":[{"embeddable":true,"href":"https:\/\/inces.gob.ve\/index.php\/wp-json\/wp\/v2\/media\/39939"}],"wp:attachment":[{"href":"https:\/\/inces.gob.ve\/index.php\/wp-json\/wp\/v2\/media?parent=39938"}],"wp:term":[{"taxonomy":"category","embeddable":true,"href":"https:\/\/inces.gob.ve\/index.php\/wp-json\/wp\/v2\/categories?post=39938"},{"taxonomy":"post_tag","embeddable":true,"href":"https:\/\/inces.gob.ve\/index.php\/wp-json\/wp\/v2\/tags?post=39938"}],"curies":[{"name":"wp","href":"https:\/\/api.w.org\/{rel}","templated":true}]}}