{"id":40017,"date":"2021-09-22T21:09:42","date_gmt":"2021-09-23T01:09:42","guid":{"rendered":"https:\/\/inces.gob.ve\/?p=40017"},"modified":"2021-09-22T21:26:53","modified_gmt":"2021-09-23T01:26:53","slug":"inces-culmina-formacion-en-servicio-de-habitacion","status":"publish","type":"post","link":"https:\/\/inces.gob.ve\/index.php\/2021\/09\/22\/inces-culmina-formacion-en-servicio-de-habitacion\/","title":{"rendered":"Inces culmina formaci\u00f3n en Servicio de Habitaci\u00f3n"},"content":{"rendered":"<p class=\"p1\" style=\"text-align: justify;\"><span style=\"font-size: 14pt;\"><strong><span class=\"s1\"><i>** Tanto trabajadores del Hotel Venetur, como estudiantes de turismo y comunidad, participaron en<span class=\"Apple-converted-space\">\u00a0 <\/span>el proceso de formaci\u00f3n<\/i><\/span><\/strong><\/span><!--more--><\/p>\n<p style=\"text-align: justify;\">\n<p style=\"text-align: justify;\"><span class=\"s1\" style=\"font-size: 14pt;\"><b>NADIA LOBO<\/b><\/span><\/p>\n<p class=\"p1\" style=\"text-align: justify;\"><span class=\"s1\" style=\"font-size: 14pt;\">El gerente regional del Inces M\u00e9rida, Geldrit Roca, inform\u00f3 sobre la culminaci\u00f3n del curso de Servicio de Habitaci\u00f3n, que se desarroll\u00f3 de manera te\u00f3rica y pr\u00e1ctica en las instalaciones del \u201cM\u00e9rida Hotel By Venetur\u201d, dando cumplimiento a la formaci\u00f3n de sus trabajadores, as\u00ed como parte de los acuerdos y alianzas entre ambas instituciones.<\/span><\/p>\n<p>&nbsp;<\/p>\n<p class=\"p4\" style=\"text-align: justify;\"><span class=\"s1\" style=\"font-size: 14pt;\">Destac\u00f3 que un total de 21 participantes culminaron de manera satisfactoria la capacitaci\u00f3n de Servicio de Habitaci\u00f3n, con el acompa\u00f1amiento de la maestro t\u00e9cnica productiva (MTP) Belkis Villarreal, quien aplicando la modalidad<span class=\"Apple-converted-space\">\u00a0 <\/span>virtual y semi-presencial, y cumpliendo con las medidas de bioseguridad, se desarroll\u00f3 la formaci\u00f3n.<\/span><\/p>\n<p>&nbsp;<\/p>\n<p class=\"p4\" style=\"text-align: justify;\"><span class=\"s1\" style=\"font-size: 14pt;\">Roca agradeci\u00f3, el apoyo y colaboraci\u00f3n del personal directivo del M\u00e9rida Hotel By Venetur como de sus trabajadores,<span class=\"Apple-converted-space\">\u00a0 <\/span>quienes prestaron sus instalaciones para desarrollar la formaci\u00f3n, lo que permite crear una alianza de trabajo y amistad entre ambas instituciones.<\/span><\/p>\n<p>&nbsp;<\/p>\n<p class=\"p4\" style=\"text-align: justify;\"><span class=\"s1\" style=\"font-size: 14pt;\">Por su parte, Yusmali Parra, Coordinadora del Programa Turismo del Inces-M\u00e9rida, manifest\u00f3 su satisfacci\u00f3n, porque a pesar de la pandemia, se desarrolla la capacitaci\u00f3n y orientaci\u00f3n a los participantes con un total de 186 horas acad\u00e9micas que incluyeron pr\u00e1cticas en las propias instalaciones del hotel.<\/span><\/p>\n<p>&nbsp;<\/p>\n<p class=\"p4\" style=\"text-align: justify;\"><span class=\"s1\" style=\"font-size: 14pt;\">\u201cLa elegancia, la originalidad y los detalles estuvieron presentes en las habitaciones modelos, que los participantes presentaron durante el cierre de curso, d\u00f3nde demostraron su inter\u00e9s, la pasi\u00f3n y compromiso por este importante sector tur\u00edstico\u201d, se\u00f1al\u00f3 Parra.<\/span><\/p>\n<p>&nbsp;<\/p>\n<p class=\"p4\" style=\"text-align: justify;\"><span class=\"s1\" style=\"font-size: 14pt;\">Explic\u00f3 igualmente, que la formaci\u00f3n del Inces contempl\u00f3 la estructura organizativa del hotel, reporte de camareras, arreglo de camas, arreglo de<span class=\"Apple-converted-space\">\u00a0 <\/span>habitaci\u00f3n, equipamiento del carro de la camarera y servicio de habitaci\u00f3n, entre otro temas de gran importancia para el sector hotelero.<\/span><\/p>\n<p class=\"p5\" style=\"text-align: justify;\">\n<p class=\"p7\" style=\"text-align: justify;\">\n","protected":false},"excerpt":{"rendered":"<p>** Tanto trabajadores del Hotel Venetur, como estudiantes de turismo y comunidad, participaron en\u00a0 el proceso de formaci\u00f3n<\/p>\n","protected":false},"author":4,"featured_media":40019,"comment_status":"closed","ping_status":"closed","sticky":false,"template":"","format":"standard","meta":{"footnotes":""},"categories":[2],"tags":[],"class_list":["post-40017","post","type-post","status-publish","format-standard","has-post-thumbnail","hentry","category-blog"],"_links":{"self":[{"href":"https:\/\/inces.gob.ve\/index.php\/wp-json\/wp\/v2\/posts\/40017","targetHints":{"allow":["GET"]}}],"collection":[{"href":"https:\/\/inces.gob.ve\/index.php\/wp-json\/wp\/v2\/posts"}],"about":[{"href":"https:\/\/inces.gob.ve\/index.php\/wp-json\/wp\/v2\/types\/post"}],"author":[{"embeddable":true,"href":"https:\/\/inces.gob.ve\/index.php\/wp-json\/wp\/v2\/users\/4"}],"replies":[{"embeddable":true,"href":"https:\/\/inces.gob.ve\/index.php\/wp-json\/wp\/v2\/comments?post=40017"}],"version-history":[{"count":1,"href":"https:\/\/inces.gob.ve\/index.php\/wp-json\/wp\/v2\/posts\/40017\/revisions"}],"predecessor-version":[{"id":40020,"href":"https:\/\/inces.gob.ve\/index.php\/wp-json\/wp\/v2\/posts\/40017\/revisions\/40020"}],"wp:featuredmedia":[{"embeddable":true,"href":"https:\/\/inces.gob.ve\/index.php\/wp-json\/wp\/v2\/media\/40019"}],"wp:attachment":[{"href":"https:\/\/inces.gob.ve\/index.php\/wp-json\/wp\/v2\/media?parent=40017"}],"wp:term":[{"taxonomy":"category","embeddable":true,"href":"https:\/\/inces.gob.ve\/index.php\/wp-json\/wp\/v2\/categories?post=40017"},{"taxonomy":"post_tag","embeddable":true,"href":"https:\/\/inces.gob.ve\/index.php\/wp-json\/wp\/v2\/tags?post=40017"}],"curies":[{"name":"wp","href":"https:\/\/api.w.org\/{rel}","templated":true}]}}