{"id":40024,"date":"2021-09-22T20:32:22","date_gmt":"2021-09-23T00:32:22","guid":{"rendered":"https:\/\/inces.gob.ve\/?p=40024"},"modified":"2021-09-22T21:40:44","modified_gmt":"2021-09-23T01:40:44","slug":"aragua-realizamos-jornada-especial-de-trabajo-junto-a-nuestros-institutos-de-accion-docente-delegada","status":"publish","type":"post","link":"https:\/\/inces.gob.ve\/index.php\/2021\/09\/22\/aragua-realizamos-jornada-especial-de-trabajo-junto-a-nuestros-institutos-de-accion-docente-delegada\/","title":{"rendered":"ARAGUA | Realizamos jornada especial de trabajo junto a nuestros Institutos de Acci\u00f3n Docente Delegada"},"content":{"rendered":"<div dir=\"auto\" style=\"text-align: justify;\"><\/div>\n<div dir=\"auto\" style=\"text-align: justify;\"><em><strong><span style=\"font-size: 14pt;\">** En esfuerzo conjunto con nuestro equipo de trabajo brindamos las herramientas de crecimiento integral para todo el pueblo trabajador y particularmente, para nuestros j\u00f3venes<\/span><\/strong><\/em><\/div>\n<p><!--more--><\/p>\n<div dir=\"auto\" style=\"text-align: justify;\"><\/div>\n<div dir=\"auto\" style=\"text-align: justify;\"><\/div>\n<div dir=\"auto\" style=\"text-align: justify;\"><strong><span style=\"font-size: 14pt;\">NINOSKA PATRIZ<\/span><\/strong><\/div>\n<div dir=\"auto\" style=\"text-align: justify;\"><\/div>\n<div dir=\"auto\" style=\"text-align: justify;\"><span style=\"font-size: 14pt;\">Orientados por las l\u00edneas estrat\u00e9gicas de trabajo del presidente de la Rep\u00fablica, Nicol\u00e1s Maduro; la ministra de Educaci\u00f3n, Yelitza Santaella; el titular del Inces Wuikelman Angel Paredes y el gerente regional del Inces Aragua, Oliver Medina, se realiz\u00f3 reuni\u00f3n de trabajo desde la sede Inces Regi\u00f3n Aragua, con los representantes de cada uno de los Institutos de Acci\u00f3n Docente Delegada que engrana actividades formativas con el Programa Nacional de Aprendizaje: Aprenda, Instituto de Formaci\u00f3n Profesional (IPF) Ayacucho, Desarrollo Integral Empresarial Dieca, Centro de Desarrollo de Aprendizaje Empresarial Cedae, Carpa y Dinfortec.<\/span><\/div>\n<div dir=\"auto\" style=\"text-align: justify;\"><\/div>\n<div dir=\"auto\" style=\"text-align: justify;\"><\/div>\n<div dir=\"auto\" style=\"text-align: justify;\"><span style=\"font-size: 14pt;\">En este sentido, cabe destacar que el Inces Regi\u00f3n Aragua cuenta actualmente con una data de m\u00e1s de 2.000 aprendices en formaci\u00f3n te\u00f3rica y pr\u00e1ctica. Al respecto el gerente general Medina expres\u00f3: \u201cNuestra malla curricular formativa est\u00e1 adaptada al mercado productivo que requiere el pa\u00eds\u00bb. <\/span><\/div>\n<div dir=\"auto\"><\/div>\n<div dir=\"auto\" style=\"text-align: justify;\"><span style=\"font-size: 14pt;\">En el mismo orden de ideas, la Mar\u00eda Eugenia Rodr\u00edguez, coordinadora del Programa Nacional de Aprendizaje (PNA)\u00a0 reiter\u00f3 que: \u00abAvanzamos en materia digital desde el Campus Virtual, en funci\u00f3n de cuidar el saludable desarrollo integral de nuestros j\u00f3venes\u00bb.\u00a0<\/span><\/div>\n<div dir=\"auto\" style=\"text-align: justify;\"><\/div>\n<div dir=\"auto\" style=\"text-align: justify;\"><\/div>\n<div dir=\"auto\" style=\"text-align: justify;\"><span style=\"font-size: 14pt;\">De la misma manera, se conoci\u00f3 que: \u00abNuestros Institutos de Acci\u00f3n Delegada tambi\u00e9n se incorporan al apoyo de una \u00abGota de Amor\u00bb en las escuelas de nuestra regi\u00f3n de la mano del legado del Comandante, al respecto nos preparamos para aplicar todas las medidas respectivas de Bioseguridad en el retorno a clases\u201d, tal como lo destac\u00f3 la Coordinadora Rodr\u00edguez. En este aspecto tambi\u00e9n se consider\u00f3 la adecuaci\u00f3n y mantenimiento general de los ambientes en los cuales se imparten las clases o se mantienen alianzas formativas con el apoyo de Fundaci\u00f3n de Edificaciones y Dotaciones Educativas y la Misi\u00f3n Bario Adentro Barrio Tricolor.\u00a0\u00a0<\/span><\/div>\n<div dir=\"auto\" style=\"text-align: justify;\"><\/div>\n<div dir=\"auto\" style=\"text-align: justify;\"><\/div>\n<div dir=\"auto\" style=\"text-align: justify;\"><span style=\"font-size: 14pt;\">En torno al tema, Medina inform\u00f3 que: \u00abRecientemente se inici\u00f3 con la reparaci\u00f3n y mantenimiento de 50 mesa-sillas, desde la Escuela B\u00e1sica Nacional Bolivariana\u00a0 Fernando Sim\u00f3n Bol\u00edvar Tinoco, ubicada en el municipio Mario Brice\u00f1o Iragorry y pr\u00f3ximamente, continuaremos la expansi\u00f3n de la actividad. El procedimiento ser\u00e1 realizado de manera paulatina y durante las semanas cerradas de flexibilizaci\u00f3n\u00bb, as\u00ed lo asegur\u00f3 el Gerente.\u00a0<\/span><\/div>\n<div dir=\"auto\"><\/div>\n<div dir=\"auto\" style=\"text-align: justify;\"><\/div>\n<div dir=\"auto\" style=\"text-align: justify;\"><\/div>\n<div dir=\"auto\" style=\"text-align: justify;\"><span style=\"font-size: 14pt;\">Este reiter\u00f3: \u201cNuestro objetivo en revoluci\u00f3n es capacitar y acreditar formalmente a nuestros j\u00f3venes, adem\u00e1s de brindarles la oportunidad del primer empleo, protegiendo su bienestar desde todo \u00e1ngulo y ajustados a la normativa vigente de Ley ya que el Programa Nacional de Aprendizaje constituye una efectiva herramienta para la praxis de la responsabilidad social empresarial que permite la inclusi\u00f3n socio productiva de j\u00f3venes menores, formados seg\u00fan la filosof\u00eda y necesidades de las empresas y sus clientes. Seguimos en la cosecha de triunfos\u201d, finaliz\u00f3 el Gerente Oliver Medina.<\/span><\/div>\n","protected":false},"excerpt":{"rendered":"<p>** En esfuerzo conjunto con nuestro equipo de trabajo brindamos las herramientas de crecimiento integral para todo el pueblo trabajador y particularmente, para nuestros j\u00f3venes<\/p>\n","protected":false},"author":4,"featured_media":40025,"comment_status":"closed","ping_status":"closed","sticky":false,"template":"","format":"standard","meta":{"footnotes":""},"categories":[2],"tags":[],"class_list":["post-40024","post","type-post","status-publish","format-standard","has-post-thumbnail","hentry","category-blog"],"_links":{"self":[{"href":"https:\/\/inces.gob.ve\/index.php\/wp-json\/wp\/v2\/posts\/40024","targetHints":{"allow":["GET"]}}],"collection":[{"href":"https:\/\/inces.gob.ve\/index.php\/wp-json\/wp\/v2\/posts"}],"about":[{"href":"https:\/\/inces.gob.ve\/index.php\/wp-json\/wp\/v2\/types\/post"}],"author":[{"embeddable":true,"href":"https:\/\/inces.gob.ve\/index.php\/wp-json\/wp\/v2\/users\/4"}],"replies":[{"embeddable":true,"href":"https:\/\/inces.gob.ve\/index.php\/wp-json\/wp\/v2\/comments?post=40024"}],"version-history":[{"count":1,"href":"https:\/\/inces.gob.ve\/index.php\/wp-json\/wp\/v2\/posts\/40024\/revisions"}],"predecessor-version":[{"id":40026,"href":"https:\/\/inces.gob.ve\/index.php\/wp-json\/wp\/v2\/posts\/40024\/revisions\/40026"}],"wp:featuredmedia":[{"embeddable":true,"href":"https:\/\/inces.gob.ve\/index.php\/wp-json\/wp\/v2\/media\/40025"}],"wp:attachment":[{"href":"https:\/\/inces.gob.ve\/index.php\/wp-json\/wp\/v2\/media?parent=40024"}],"wp:term":[{"taxonomy":"category","embeddable":true,"href":"https:\/\/inces.gob.ve\/index.php\/wp-json\/wp\/v2\/categories?post=40024"},{"taxonomy":"post_tag","embeddable":true,"href":"https:\/\/inces.gob.ve\/index.php\/wp-json\/wp\/v2\/tags?post=40024"}],"curies":[{"name":"wp","href":"https:\/\/api.w.org\/{rel}","templated":true}]}}