{"id":40036,"date":"2021-09-27T08:29:46","date_gmt":"2021-09-27T12:29:46","guid":{"rendered":"https:\/\/inces.gob.ve\/?p=40036"},"modified":"2021-09-27T08:29:46","modified_gmt":"2021-09-27T12:29:46","slug":"trujillo-operador-de-micro-120-horas-de-puro-aprendizaje","status":"publish","type":"post","link":"https:\/\/inces.gob.ve\/index.php\/2021\/09\/27\/trujillo-operador-de-micro-120-horas-de-puro-aprendizaje\/","title":{"rendered":"TRUJILLO | Operador de micro: 120 horas de puro aprendizaje"},"content":{"rendered":"<p style=\"text-align: justify;\"><span style=\"font-size: 14pt;\"><em><strong>** Esta formaci\u00f3n, que se ofrece dos veces a la semana bajo la modalidad semipresencial, es una de las que m\u00e1s inter\u00e9s despierta en la comunidad trujillana, siempre pendiente de todo lo relacionado al \u00e1rea de inform\u00e1tica<\/strong><\/em><!--more--><\/span><\/p>\n<p style=\"text-align: justify;\">\n<p style=\"text-align: justify;\"><span style=\"font-size: 14pt;\"><strong>MAR\u00cdA CABRERA<\/strong><\/span><\/p>\n<p style=\"text-align: justify;\">\n<p style=\"text-align: justify;\"><span style=\"font-size: 14pt;\">\u201cOperador de Micro\u201d es uno de los cursos de demanda en el Centro de Formaci\u00f3n Socialista \u201cBarbarita de La Torre\u201d del Instituto Nacional de Capacitaci\u00f3n y Educaci\u00f3n Socialista de Trujillo el cual en esta oportunidad tienen a Mar\u00eda Yaneth Palomares como la maestra t\u00e9cnoca voluntara, siempre dispuesta a la formaci\u00f3n acad\u00e9mica de la comunidad.<\/span><\/p>\n<p style=\"text-align: justify;\">\n<p style=\"text-align: justify;\"><span style=\"font-size: 14pt;\">Nos refiere Palomares que a pesar de los riesgos con lo del covid-19 en el Inces-Trujillo se cumple a cabalidad con cada una de las normas establecidas desde la sede central del organismo en Caracas, cuesti\u00f3n que en cierta forma ha servido para que los interesados en este tipo de formaciones puedan adaptarse a las exigencias y cumplir con la meta de la gerencia regional.<\/span><\/p>\n<p style=\"text-align: justify;\">\n<p style=\"text-align: justify;\"><span style=\"font-size: 14pt;\">\u201cEstas 120 horas que dura el curso las distribuimos en ejercicios pr\u00e1cticos que, dentro del aula, cada uno de los participantes efect\u00faa con la intenci\u00f3n que puedan manifestar sus dudas sobre la marcha y aprendan procedimientos b\u00e1sicos que un operador en micro debe manejar, para ser considerado como tal\u201d, relat\u00f3 la maestra Mar\u00eda Yaneth Palomares.<\/span><\/p>\n<p style=\"text-align: justify;\">\n<p style=\"text-align: justify;\"><span style=\"font-size: 14pt;\">\u201cPor ejemplo, aqu\u00ed se le ense\u00f1a el manejo del sistema operativo en Linux, aplicaciones en ofim\u00e1tica, editor de texto Writer, hojas de c\u00e1lculo y presentaciones en Impress entre otras, generalidades que establece el programa de Inces y que, por obvias razones. Se imparte conocimiento como es debido a los participantes que se inscriben en nuestros cursos\u201d, agrega Palomares.<\/span><\/p>\n<p style=\"text-align: justify;\">\n<p style=\"text-align: justify;\"><span style=\"font-size: 14pt;\">\u201cOperador en Micro\u201d est\u00e1 siendo impartido en los turnos matutino y vespertino para la comunidad bajo la modalidad semipresencial, dos veces a la semana, el cual antes de que se publicara en los flayer del Inces, ya el inter\u00e9s que despierta la inform\u00e1tica en sus m\u00faltiples faces, llen\u00f3 las exigencias y los espacios del Inces-Trujillo en tiempo r\u00e9cord.<\/span><\/p>\n<p style=\"text-align: justify;\">\n<p style=\"text-align: justify;\"><span style=\"font-size: 14pt;\">La matr\u00edcula de ambos cursos est\u00e1 conformada por gente que tiene conocimientos en el \u00e1rea como otras no tanto, pero que se desenvuelven con una habilidad extraordinaria seg\u00fan la apreciaci\u00f3n que hicimos mientras hac\u00edamos el registro gr\u00e1fico y texto para esta nota de prensa.<\/span><\/p>\n<p style=\"text-align: justify;\">\n<p style=\"text-align: justify;\">\n","protected":false},"excerpt":{"rendered":"<p>** Esta formaci\u00f3n, que se ofrece dos veces a la semana bajo la modalidad semipresencial, es una de las que m\u00e1s inter\u00e9s despierta en la comunidad trujillana, siempre pendiente de todo lo relacionado al \u00e1rea de inform\u00e1tica<\/p>\n","protected":false},"author":4,"featured_media":40037,"comment_status":"closed","ping_status":"closed","sticky":false,"template":"","format":"standard","meta":{"footnotes":""},"categories":[2],"tags":[],"class_list":["post-40036","post","type-post","status-publish","format-standard","has-post-thumbnail","hentry","category-blog"],"_links":{"self":[{"href":"https:\/\/inces.gob.ve\/index.php\/wp-json\/wp\/v2\/posts\/40036","targetHints":{"allow":["GET"]}}],"collection":[{"href":"https:\/\/inces.gob.ve\/index.php\/wp-json\/wp\/v2\/posts"}],"about":[{"href":"https:\/\/inces.gob.ve\/index.php\/wp-json\/wp\/v2\/types\/post"}],"author":[{"embeddable":true,"href":"https:\/\/inces.gob.ve\/index.php\/wp-json\/wp\/v2\/users\/4"}],"replies":[{"embeddable":true,"href":"https:\/\/inces.gob.ve\/index.php\/wp-json\/wp\/v2\/comments?post=40036"}],"version-history":[{"count":1,"href":"https:\/\/inces.gob.ve\/index.php\/wp-json\/wp\/v2\/posts\/40036\/revisions"}],"predecessor-version":[{"id":40038,"href":"https:\/\/inces.gob.ve\/index.php\/wp-json\/wp\/v2\/posts\/40036\/revisions\/40038"}],"wp:featuredmedia":[{"embeddable":true,"href":"https:\/\/inces.gob.ve\/index.php\/wp-json\/wp\/v2\/media\/40037"}],"wp:attachment":[{"href":"https:\/\/inces.gob.ve\/index.php\/wp-json\/wp\/v2\/media?parent=40036"}],"wp:term":[{"taxonomy":"category","embeddable":true,"href":"https:\/\/inces.gob.ve\/index.php\/wp-json\/wp\/v2\/categories?post=40036"},{"taxonomy":"post_tag","embeddable":true,"href":"https:\/\/inces.gob.ve\/index.php\/wp-json\/wp\/v2\/tags?post=40036"}],"curies":[{"name":"wp","href":"https:\/\/api.w.org\/{rel}","templated":true}]}}