{"id":40039,"date":"2021-09-27T08:44:17","date_gmt":"2021-09-27T12:44:17","guid":{"rendered":"https:\/\/inces.gob.ve\/?p=40039"},"modified":"2021-10-06T20:50:00","modified_gmt":"2021-10-07T00:50:00","slug":"inces-militar-personal-civico-y-militar-se-prepara-en-higiene-y-manipulacion-de-alimentos","status":"publish","type":"post","link":"https:\/\/inces.gob.ve\/index.php\/2021\/09\/27\/inces-militar-personal-civico-y-militar-se-prepara-en-higiene-y-manipulacion-de-alimentos\/","title":{"rendered":"INCES MILITAR | Personal c\u00edvico y militar se prepara en Higiene y Manipulaci\u00f3n de Alimentos"},"content":{"rendered":"<div id=\":wj\" class=\"ii gt\">\n<div id=\":wk\" class=\"a3s aiL \">\n<div style=\"text-align: justify;\"><em><strong><span style=\"font-size: 14pt;\">** El programa formativo est\u00e1 dise\u00f1ado para ser impartido en 40 horas<\/span><\/strong><\/em><\/div>\n<\/div>\n<\/div>\n<p><!--more--><\/p>\n<div><\/div>\n<div id=\":wj\" class=\"ii gt\">\n<div id=\":wk\" class=\"a3s aiL \">\n<div id=\"m_-480042454047547307composer_signature\" style=\"text-align: justify;\">\n<div dir=\"auto\">\n<div><span style=\"font-size: 14pt;\">Con el fin de llegar a los lugares m\u00e1s inh\u00f3spitos de toda la patria de Bol\u00edvar y de Ch\u00e1vez, el Inces Militar, a trav\u00e9s de todo su equipo desplegado en sus Gerencias Regionales, contin\u00faa desarrollando cursos de formaci\u00f3n para nuestro principal recurso humano, con el objetivo de fortalecer los saberes del pueblo batallador, que se suma al encadenamiento productivo y formativo de la naci\u00f3n, para juntos garantizar una mayor inclusi\u00f3n de nuestros hombres y mujeres en el aparato productivo nacional.<\/span><\/div>\n<div>\n<p><span style=\"font-size: 14pt;\">Cumpliendo l\u00edneas y direcci\u00f3n del CA Agreda Duran Luis Ren\u00e9, director general del Inces Militar, en el Inces militar Aragua, bajo la responsabilidad del Cnel David Gustavo M\u00e9ndez M\u00e9ndez, Gerente Regional en ese entidad, en la cual inici\u00f3 el curso de Higiene y Manipulaci\u00f3n de Alimentos con una duraci\u00f3n de cuarenta (40) horas acad\u00e9micas, dirigido al personal C\u00edvico y Militar que cumple funciones inherentes a la preparaci\u00f3n y confecci\u00f3n de alimentos de las siguientes Unidades Militares de la Zodi Aragua: 42 BRINFP con todas sus Universidades Tecnol\u00f3gicas (UUTT) y Fundamentales Aisladas as\u00ed como su Centro de Entrenamiento (CACOA). 99 BIFES y 991 Btn de FFEE. BRICOMA.<\/span><\/p>\n<p><span style=\"font-size: 14pt;\">Este grupo de combatientes, fueron formados en el Centro de Ense\u00f1anza de Educaci\u00f3n Inicial del Ejercito, espacio que funge como F\u00e1brica de Literas del Servicio de Intendencia del Ejercito. C\u00edrculo Militar Las Delicias y C\u00edrculo Militar La Barraca del Estado Aragua, contribuyendo as\u00ed con el proceso de formaci\u00f3n Integral del recurso humano de nuestra FANB.<\/span><\/p>\n<p><span style=\"font-size: 14pt;\">\u00a1Uni\u00f3n, cohesi\u00f3n, disciplina, obediencia y lealtad suprema a la Constituci\u00f3n Bolivariana de Venezuela, a la patria, a la revoluci\u00f3n\u201d, as\u00ed lo ha orientado el presidente\u00a0 obrero, Nicol\u00e1s Maduro!<\/span><\/p>\n<p><span style=\"font-size: 14pt;\">\u00a1El Sol de Venezuela Nace por el Esequibo!<\/span><br \/>\n<span style=\"font-size: 14pt;\">\u00a1\u00a1\u00a1VENCEREMOS!!!<\/span><\/div>\n<\/div>\n<\/div>\n<\/div>\n<div class=\"yj6qo\" style=\"text-align: justify;\"><\/div>\n<\/div>\n<p>&nbsp;<\/p>\n<div id=\":311\" class=\"hq gt\" style=\"text-align: justify;\"><\/div>\n","protected":false},"excerpt":{"rendered":"<p>** El programa formativo est\u00e1 dise\u00f1ado para ser impartido en 40 horas<\/p>\n","protected":false},"author":4,"featured_media":40040,"comment_status":"closed","ping_status":"closed","sticky":false,"template":"","format":"standard","meta":{"footnotes":""},"categories":[2],"tags":[],"class_list":["post-40039","post","type-post","status-publish","format-standard","has-post-thumbnail","hentry","category-blog"],"_links":{"self":[{"href":"https:\/\/inces.gob.ve\/index.php\/wp-json\/wp\/v2\/posts\/40039","targetHints":{"allow":["GET"]}}],"collection":[{"href":"https:\/\/inces.gob.ve\/index.php\/wp-json\/wp\/v2\/posts"}],"about":[{"href":"https:\/\/inces.gob.ve\/index.php\/wp-json\/wp\/v2\/types\/post"}],"author":[{"embeddable":true,"href":"https:\/\/inces.gob.ve\/index.php\/wp-json\/wp\/v2\/users\/4"}],"replies":[{"embeddable":true,"href":"https:\/\/inces.gob.ve\/index.php\/wp-json\/wp\/v2\/comments?post=40039"}],"version-history":[{"count":2,"href":"https:\/\/inces.gob.ve\/index.php\/wp-json\/wp\/v2\/posts\/40039\/revisions"}],"predecessor-version":[{"id":40261,"href":"https:\/\/inces.gob.ve\/index.php\/wp-json\/wp\/v2\/posts\/40039\/revisions\/40261"}],"wp:featuredmedia":[{"embeddable":true,"href":"https:\/\/inces.gob.ve\/index.php\/wp-json\/wp\/v2\/media\/40040"}],"wp:attachment":[{"href":"https:\/\/inces.gob.ve\/index.php\/wp-json\/wp\/v2\/media?parent=40039"}],"wp:term":[{"taxonomy":"category","embeddable":true,"href":"https:\/\/inces.gob.ve\/index.php\/wp-json\/wp\/v2\/categories?post=40039"},{"taxonomy":"post_tag","embeddable":true,"href":"https:\/\/inces.gob.ve\/index.php\/wp-json\/wp\/v2\/tags?post=40039"}],"curies":[{"name":"wp","href":"https:\/\/api.w.org\/{rel}","templated":true}]}}