{"id":40044,"date":"2021-09-27T08:58:45","date_gmt":"2021-09-27T12:58:45","guid":{"rendered":"https:\/\/inces.gob.ve\/?p=40044"},"modified":"2021-09-27T08:58:45","modified_gmt":"2021-09-27T12:58:45","slug":"merida-inces-participacion-de-nicolas-maduro-demostro-la-dignidad-del-pueblo-venezolano","status":"publish","type":"post","link":"https:\/\/inces.gob.ve\/index.php\/2021\/09\/27\/merida-inces-participacion-de-nicolas-maduro-demostro-la-dignidad-del-pueblo-venezolano\/","title":{"rendered":"M\u00c9RIDA | Inces: Participaci\u00f3n de Nicol\u00e1s Maduro demostr\u00f3 la dignidad del pueblo venezolano"},"content":{"rendered":"<p style=\"text-align: justify;\"><span style=\"font-size: 14pt;\"><strong><em>** <\/em><em>Repuesta del mandatario nacional, ante el asedio de los Presidentes de Uruguay y Paraguay sobre la soberan\u00eda de nuestro pa\u00eds, constat\u00f3 la firmeza, determinaci\u00f3n y amor por la patria<\/em><\/strong><!--more--><\/span><\/p>\n<p style=\"text-align: justify;\">\n<p style=\"text-align: justify;\"><span style=\"font-size: 14pt;\"><strong>NADIA LOBO<\/strong><\/span><\/p>\n<p style=\"text-align: justify;\"><span style=\"font-size: 14pt;\">El gerente regional del Inces M\u00e9rida, Geldrit Roca, en compa\u00f1\u00eda de los directores y jefes de centros de formaci\u00f3n de esta entidad, emitieron un pronunciamiento de apoyo y respaldo al Presidente Nicol\u00e1s Maduro, por su excelente participaci\u00f3n en la VI Cumbre de la CELAC.<\/span><\/p>\n<p style=\"text-align: justify;\">\n<p style=\"text-align: justify;\"><span style=\"font-size: 14pt;\">Calific\u00f3 de gran altura, firmeza y sobre todo, dignidad, la intervenci\u00f3n del primer mandatario nacional, Nicol\u00e1s Maduro, en representaci\u00f3n del pueblo venezolano, durante la celebraci\u00f3n de la Cumbre de la CELAC que tuvo lugar en la ciudad de M\u00e9xico.<\/span><\/p>\n<p style=\"text-align: justify;\">\n<p style=\"text-align: justify;\"><span style=\"font-size: 14pt;\">Desde el estado Bolivariano de M\u00e9rida, apoyamos las conclusiones y compromisos acordados entre los jefes y jefas de Estados y Gobiernos en cuanto al rechazo de las medidas erradas en contra de los pueblos de las hermanas rep\u00fablicas de Cuba, Nicaragua y Venezuela.<\/span><\/p>\n<p style=\"text-align: justify;\">\n<p style=\"text-align: justify;\"><span style=\"font-size: 14pt;\">Indic\u00f3 Roca, \u201cla mayor\u00eda de los venezolanos, ratificamos las propuestas del Presidente Nicol\u00e1s Maduro, en cuanto a la creaci\u00f3n de la Secretaria General de la CELAC, para fomentar y fortalecer la institucionalidad de \u00e9ste organismo Latinoamericano y Caribe\u00f1o, con el fin de proteger y defender los derechos de una naci\u00f3n, dejando a un lado la violencia con la que act\u00faa el imperialismo\u201d.<\/span><\/p>\n<p style=\"text-align: justify;\">\n<p style=\"text-align: justify;\"><span style=\"font-size: 14pt;\">Finaliz\u00f3 enviando un mensaje de solidaridad, admiraci\u00f3n y respeto\u201d cuente usted Presidente Nicol\u00e1s Maduro con la clase obrera, con los trabajadores del sector educativo, con la juventud; todos en conjunto defenderemos la democracias, la paz y la soberan\u00eda de nuestro pa\u00eds\u201d.<\/span><\/p>\n<p style=\"text-align: justify;\">\n","protected":false},"excerpt":{"rendered":"<p>** Repuesta del mandatario nacional, ante el asedio de los Presidentes de Uruguay y Paraguay sobre la soberan\u00eda de nuestro pa\u00eds, constat\u00f3 la firmeza, determinaci\u00f3n y amor por la patria<\/p>\n","protected":false},"author":4,"featured_media":40045,"comment_status":"closed","ping_status":"closed","sticky":false,"template":"","format":"standard","meta":{"footnotes":""},"categories":[2],"tags":[],"class_list":["post-40044","post","type-post","status-publish","format-standard","has-post-thumbnail","hentry","category-blog"],"_links":{"self":[{"href":"https:\/\/inces.gob.ve\/index.php\/wp-json\/wp\/v2\/posts\/40044","targetHints":{"allow":["GET"]}}],"collection":[{"href":"https:\/\/inces.gob.ve\/index.php\/wp-json\/wp\/v2\/posts"}],"about":[{"href":"https:\/\/inces.gob.ve\/index.php\/wp-json\/wp\/v2\/types\/post"}],"author":[{"embeddable":true,"href":"https:\/\/inces.gob.ve\/index.php\/wp-json\/wp\/v2\/users\/4"}],"replies":[{"embeddable":true,"href":"https:\/\/inces.gob.ve\/index.php\/wp-json\/wp\/v2\/comments?post=40044"}],"version-history":[{"count":1,"href":"https:\/\/inces.gob.ve\/index.php\/wp-json\/wp\/v2\/posts\/40044\/revisions"}],"predecessor-version":[{"id":40046,"href":"https:\/\/inces.gob.ve\/index.php\/wp-json\/wp\/v2\/posts\/40044\/revisions\/40046"}],"wp:featuredmedia":[{"embeddable":true,"href":"https:\/\/inces.gob.ve\/index.php\/wp-json\/wp\/v2\/media\/40045"}],"wp:attachment":[{"href":"https:\/\/inces.gob.ve\/index.php\/wp-json\/wp\/v2\/media?parent=40044"}],"wp:term":[{"taxonomy":"category","embeddable":true,"href":"https:\/\/inces.gob.ve\/index.php\/wp-json\/wp\/v2\/categories?post=40044"},{"taxonomy":"post_tag","embeddable":true,"href":"https:\/\/inces.gob.ve\/index.php\/wp-json\/wp\/v2\/tags?post=40044"}],"curies":[{"name":"wp","href":"https:\/\/api.w.org\/{rel}","templated":true}]}}